{"id":980,"date":"2012-10-17T08:21:20","date_gmt":"2012-10-17T06:21:20","guid":{"rendered":"http:\/\/www.berlin-suedwest.de\/breslauer-platz\/?p=980"},"modified":"2014-10-20T17:20:32","modified_gmt":"2014-10-20T15:20:32","slug":"breslauer-platz-burger-planen-mit","status":"publish","type":"post","link":"http:\/\/www.berlin-suedwest.de\/breslauer-platz\/?p=980","title":{"rendered":"Breslauer Platz \u2013 B\u00dcRGER PLANEN MIT"},"content":{"rendered":"<p><em><a href=\"http:\/\/www.berlin-suedwest.de\/breslauer-platz\/wp-content\/uploads\/2012\/10\/markt.jpg\"><img loading=\"lazy\" decoding=\"async\" class=\"alignleft size-medium wp-image-981\" title=\"markt\" src=\"http:\/\/www.berlin-suedwest.de\/breslauer-platz\/wp-content\/uploads\/2012\/10\/markt-264x300.jpg\" alt=\"\" width=\"264\" height=\"300\" srcset=\"http:\/\/www.berlin-suedwest.de\/breslauer-platz\/wp-content\/uploads\/2012\/10\/markt-264x300.jpg 264w, http:\/\/www.berlin-suedwest.de\/breslauer-platz\/wp-content\/uploads\/2012\/10\/markt.jpg 540w\" sizes=\"auto, (max-width: 264px) 100vw, 264px\" \/><\/a>Mitteilung des Bezirksamtes Tempelhof-Sch\u00f6neberg:<\/em> Der Breslauer Platz in Berlin-Friedenau zeigt sich als lebendiger Treffpunkt, wenn der Wochenmarkt Bewohner und G\u00e4ste des Stadtteils anlockt. Au\u00dferhalb der Marktzeiten stellt sich der Platz wenig einladend dar, da er stark vom Stra\u00dfenverkehr gepr\u00e4gt ist. Sein Erscheinungsbild leidet unter den zahlreichen Sch\u00e4den im Pflaster- und Plattenbelag.<\/p>\n<p>Die Zeit ist reif, den Breslauer Platz seiner Bedeutung entsprechend umzugestalten. Die Umgestaltung soll sowohl die Attraktivit\u00e4t des Platzes steigern als auch die Nutzung als Wochenmarkt verbessern.<!--more--><\/p>\n<p>Im Auftrag des Bezirksamts Tempelhof-Sch\u00f6neberg von Berlin wurde ein Entwurf erarbeitet. Die Bearbeitung erfolgte und wird auch weiterhin in enger Abstimmung mit der B\u00fcrgerinitiative Breslauer Platz betrieben, die sich f\u00fcr die Umgestaltung des Breslauer Platzes hin zu einem einladenden Treffpunkt f\u00fcr Anwohner und Besucher einsetzt.<\/p>\n<p><strong>Am 20.10.2012 wird das Bezirksamt den gegenw\u00e4rtigen Planungsstand auf dem Wochenmarkt des Breslauer Platzes pr\u00e4sentieren.<\/strong> Interessierte B\u00fcrgerinnen und B\u00fcrger sind eingeladen, sich aktiv an der Planung zu beteiligen. Jeder ist aufgerufen, mit konstruktiven Ideen und Anregungen die Realisierung als Gemeinschaftsprojekt voranzutreiben. Das Bezirksamt steht am Sonnabend, den 20.10.2012, zwischen 11 Uhr und 14 Uhr auf dem Breslauer Platz f\u00fcr Fragen und Anregungen gerne zur Verf\u00fcgung. Die Ergebnisse werden auch in eine abschlie\u00dfende Informationsveranstaltung, die bis zum Ende des Jahres stattfinden wird, einflie\u00dfen. Hierzu wird rechtzeitig eingeladen.<\/p>\n<p>PACKEN WIR ES GEMEINSAM AN.<br \/>\nHELFEN SIE MIT!<\/p>\n","protected":false},"excerpt":{"rendered":"<p>Mitteilung des Bezirksamtes Tempelhof-Sch\u00f6neberg: Der Breslauer Platz in Berlin-Friedenau zeigt sich als lebendiger Treffpunkt, wenn der Wochenmarkt Bewohner und G\u00e4ste des Stadtteils anlockt. Au\u00dferhalb der Marktzeiten stellt sich der Platz wenig einladend dar, da er stark vom Stra\u00dfenverkehr gepr\u00e4gt ist. &hellip; <a href=\"http:\/\/www.berlin-suedwest.de\/breslauer-platz\/?p=980\">Weiterlesen <span class=\"meta-nav\">&rarr;<\/span><\/a><\/p>\n","protected":false},"author":1,"featured_media":0,"comment_status":"closed","ping_status":"closed","sticky":false,"template":"","format":"standard","meta":{"footnotes":""},"categories":[1],"tags":[],"class_list":["post-980","post","type-post","status-publish","format-standard","hentry","category-allgemein"],"_links":{"self":[{"href":"http:\/\/www.berlin-suedwest.de\/breslauer-platz\/index.php?rest_route=\/wp\/v2\/posts\/980","targetHints":{"allow":["GET"]}}],"collection":[{"href":"http:\/\/www.berlin-suedwest.de\/breslauer-platz\/index.php?rest_route=\/wp\/v2\/posts"}],"about":[{"href":"http:\/\/www.berlin-suedwest.de\/breslauer-platz\/index.php?rest_route=\/wp\/v2\/types\/post"}],"author":[{"embeddable":true,"href":"http:\/\/www.berlin-suedwest.de\/breslauer-platz\/index.php?rest_route=\/wp\/v2\/users\/1"}],"replies":[{"embeddable":true,"href":"http:\/\/www.berlin-suedwest.de\/breslauer-platz\/index.php?rest_route=%2Fwp%2Fv2%2Fcomments&post=980"}],"version-history":[{"count":4,"href":"http:\/\/www.berlin-suedwest.de\/breslauer-platz\/index.php?rest_route=\/wp\/v2\/posts\/980\/revisions"}],"predecessor-version":[{"id":1366,"href":"http:\/\/www.berlin-suedwest.de\/breslauer-platz\/index.php?rest_route=\/wp\/v2\/posts\/980\/revisions\/1366"}],"wp:attachment":[{"href":"http:\/\/www.berlin-suedwest.de\/breslauer-platz\/index.php?rest_route=%2Fwp%2Fv2%2Fmedia&parent=980"}],"wp:term":[{"taxonomy":"category","embeddable":true,"href":"http:\/\/www.berlin-suedwest.de\/breslauer-platz\/index.php?rest_route=%2Fwp%2Fv2%2Fcategories&post=980"},{"taxonomy":"post_tag","embeddable":true,"href":"http:\/\/www.berlin-suedwest.de\/breslauer-platz\/index.php?rest_route=%2Fwp%2Fv2%2Ftags&post=980"}],"curies":[{"name":"wp","href":"https:\/\/api.w.org\/{rel}","templated":true}]}}