{"id":711,"date":"2011-10-22T22:15:51","date_gmt":"2011-10-22T20:15:51","guid":{"rendered":"http:\/\/www.berlin-suedwest.de\/breslauer-platz\/?p=711"},"modified":"2014-10-20T17:20:33","modified_gmt":"2014-10-20T15:20:33","slug":"die-kreative-protestbewegung","status":"publish","type":"post","link":"http:\/\/www.berlin-suedwest.de\/breslauer-platz\/?p=711","title":{"rendered":"Die kreative Protestbewegung"},"content":{"rendered":"<div id=\"attachment_712\" style=\"width: 451px\" class=\"wp-caption alignnone\"><a href=\"http:\/\/www.berlin-suedwest.de\/breslauer-platz\/wp-content\/uploads\/2011\/10\/1.jpg\"><img loading=\"lazy\" decoding=\"async\" aria-describedby=\"caption-attachment-712\" class=\"size-full wp-image-712\" title=\"Mitglieder der BI Breslauer Platz\" src=\"http:\/\/www.berlin-suedwest.de\/breslauer-platz\/wp-content\/uploads\/2011\/10\/1.jpg\" alt=\"\" width=\"441\" height=\"462\" srcset=\"http:\/\/www.berlin-suedwest.de\/breslauer-platz\/wp-content\/uploads\/2011\/10\/1.jpg 441w, http:\/\/www.berlin-suedwest.de\/breslauer-platz\/wp-content\/uploads\/2011\/10\/1-286x300.jpg 286w\" sizes=\"auto, (max-width: 441px) 100vw, 441px\" \/><\/a><p id=\"caption-attachment-712\" class=\"wp-caption-text\">Foto: Thilo R\u00fcckeis<\/p><\/div>\n<p>&#8222;Wie Stadtplaner mit \u00f6ffentlichem Raum umgehen, ist<br \/>\nB\u00fcrgern nicht egal.&#8220; ist der Untertitel eines Beitrages von Ralf Sch\u00f6nball im Tagesspiegel vom 23. Oktober 2011, der sich unter anderem auch mit der Arbeit der B\u00fcrgerinitiative Breslauer Platz besch\u00e4ftigt. Lesen Sie <a href=\"http:\/\/www.tagesspiegel.de\/berlin\/die-kreative-protestbewegung\/5506182.html\" target=\"_blank\">hier<\/a>.<br \/>\nDie B\u00fcrgeinitiative Breslauer Platz m\u00f6chte den Tagesspiegelartikel vom 23.10.2011 (Berlin Teil) &#8222;Die kreative Protestbewegung&#8220;; dahingehend erg\u00e4nzen bzw. korrigieren:<br \/>\nDie B\u00fcrgerinitiatve Breslauer Platz sieht in ihren Entw\u00fcrfen und Planungen den denkmalgesch\u00fctzten Lassen-Pavillon IMMER als Einheit. Wenn die BI die Kulturhaltestellte beschreibt, geht sie immer davon aus, <strong>dass selbstverst\u00e4ndlich der Zeitungskiosk dazugeh\u00f6rt<\/strong>. Denn Zeitungen und Zeitschriften sind schlie\u00dflich auch Bestandteil unserer Kultur.<\/p>\n","protected":false},"excerpt":{"rendered":"<p>&#8222;Wie Stadtplaner mit \u00f6ffentlichem Raum umgehen, ist B\u00fcrgern nicht egal.&#8220; ist der Untertitel eines Beitrages von Ralf Sch\u00f6nball im Tagesspiegel vom 23. Oktober 2011, der sich unter anderem auch mit der Arbeit der B\u00fcrgerinitiative Breslauer Platz besch\u00e4ftigt. Lesen Sie hier. &hellip; <a href=\"http:\/\/www.berlin-suedwest.de\/breslauer-platz\/?p=711\">Weiterlesen <span class=\"meta-nav\">&rarr;<\/span><\/a><\/p>\n","protected":false},"author":1,"featured_media":0,"comment_status":"closed","ping_status":"closed","sticky":false,"template":"","format":"standard","meta":{"footnotes":""},"categories":[1],"tags":[],"class_list":["post-711","post","type-post","status-publish","format-standard","hentry","category-allgemein"],"_links":{"self":[{"href":"http:\/\/www.berlin-suedwest.de\/breslauer-platz\/index.php?rest_route=\/wp\/v2\/posts\/711","targetHints":{"allow":["GET"]}}],"collection":[{"href":"http:\/\/www.berlin-suedwest.de\/breslauer-platz\/index.php?rest_route=\/wp\/v2\/posts"}],"about":[{"href":"http:\/\/www.berlin-suedwest.de\/breslauer-platz\/index.php?rest_route=\/wp\/v2\/types\/post"}],"author":[{"embeddable":true,"href":"http:\/\/www.berlin-suedwest.de\/breslauer-platz\/index.php?rest_route=\/wp\/v2\/users\/1"}],"replies":[{"embeddable":true,"href":"http:\/\/www.berlin-suedwest.de\/breslauer-platz\/index.php?rest_route=%2Fwp%2Fv2%2Fcomments&post=711"}],"version-history":[{"count":4,"href":"http:\/\/www.berlin-suedwest.de\/breslauer-platz\/index.php?rest_route=\/wp\/v2\/posts\/711\/revisions"}],"predecessor-version":[{"id":1389,"href":"http:\/\/www.berlin-suedwest.de\/breslauer-platz\/index.php?rest_route=\/wp\/v2\/posts\/711\/revisions\/1389"}],"wp:attachment":[{"href":"http:\/\/www.berlin-suedwest.de\/breslauer-platz\/index.php?rest_route=%2Fwp%2Fv2%2Fmedia&parent=711"}],"wp:term":[{"taxonomy":"category","embeddable":true,"href":"http:\/\/www.berlin-suedwest.de\/breslauer-platz\/index.php?rest_route=%2Fwp%2Fv2%2Fcategories&post=711"},{"taxonomy":"post_tag","embeddable":true,"href":"http:\/\/www.berlin-suedwest.de\/breslauer-platz\/index.php?rest_route=%2Fwp%2Fv2%2Ftags&post=711"}],"curies":[{"name":"wp","href":"https:\/\/api.w.org\/{rel}","templated":true}]}}