{"id":463,"date":"2011-05-18T12:14:29","date_gmt":"2011-05-18T10:14:29","guid":{"rendered":"http:\/\/www.berlin-suedwest.de\/breslauer-platz\/?p=463"},"modified":"2014-10-20T17:20:34","modified_gmt":"2014-10-20T15:20:34","slug":"die-plane-der-bi-zur-umgestaltung-des-breslauer-platzes","status":"publish","type":"post","link":"http:\/\/www.berlin-suedwest.de\/breslauer-platz\/?p=463","title":{"rendered":"ENDLICH!! Die neuen Pl\u00e4ne der BI zur Umgestaltung des Breslauer Platzes"},"content":{"rendered":"<blockquote>\n<div>\n<div><a href=\"http:\/\/www.berlin-suedwest.de\/breslauer-platz\/wp-content\/uploads\/2011\/05\/DSC05432.jpg\"><img loading=\"lazy\" decoding=\"async\" class=\"alignnone size-full wp-image-480\" title=\"Die BI pr\u00e4sentiert ihre Planungen auf dem Breslauer Platz\" src=\"http:\/\/www.berlin-suedwest.de\/breslauer-platz\/wp-content\/uploads\/2011\/05\/DSC05432.jpg\" alt=\"\" width=\"500\" height=\"335\" srcset=\"http:\/\/www.berlin-suedwest.de\/breslauer-platz\/wp-content\/uploads\/2011\/05\/DSC05432.jpg 500w, http:\/\/www.berlin-suedwest.de\/breslauer-platz\/wp-content\/uploads\/2011\/05\/DSC05432-300x201.jpg 300w\" sizes=\"auto, (max-width: 500px) 100vw, 500px\" \/><\/a><\/div>\n<p><em>Es ist uns gelungen, die amtliche Seite (genau das\u00a0Bezirksamt Tempelhof-Sch\u00f6neberg, Amt f\u00fcr Planung und Denkmalschutz)\u00a0von der \u00dcberlegenheit unseres Entwurfs gegen\u00fcber dem Fugmann-Entwurf zu \u00fcberzeugen!!!<\/em><br \/>\n<em>Der n\u00e4chste Schritt im Verfahren wird also ohne das B\u00fcro Fugmann stattfinden.<\/em><br \/>\n<em>Es wurde verabredet, dass das weitere Vorgehen <strong>auf der Grundlage unseres Entwurfes<\/strong> von einer engen Zusammenarbeit zwischen dem Amt, dem mit der weiteren Planung zu beauftragenden Architekten und uns als BI getragen sein soll.<\/em><br \/>\n<em>Die BI wird den engen Kontakt zum Tiefbauamt halten, was von den Mitstreitern unserer Bi als auch von der Gegenseite begr\u00fc\u00dft wurde.<\/em><\/p>\n<div><span style=\"font-size: x-small; font-family: Arial; line-height: 15px;\"><a href=\"http:\/\/www.berlin-suedwest.de\/breslauer-platz\/wp-content\/uploads\/2011\/05\/biplan.jpg\"><img loading=\"lazy\" decoding=\"async\" class=\"alignnone size-full wp-image-479\" title=\"Plan der B\u00fcrgerinitiative\" src=\"http:\/\/www.berlin-suedwest.de\/breslauer-platz\/wp-content\/uploads\/2011\/05\/biplan.jpg\" alt=\"\" width=\"500\" height=\"354\" srcset=\"http:\/\/www.berlin-suedwest.de\/breslauer-platz\/wp-content\/uploads\/2011\/05\/biplan.jpg 500w, http:\/\/www.berlin-suedwest.de\/breslauer-platz\/wp-content\/uploads\/2011\/05\/biplan-300x212.jpg 300w\" sizes=\"auto, (max-width: 500px) 100vw, 500px\" \/><\/a><br \/>\n<\/span><\/div>\n<div><span style=\"font-size: x-small; font-family: Arial; line-height: 15px;\"><br \/>\n<\/span><\/div>\n<div><a href=\"http:\/\/www.berlin-suedwest.de\/breslauer-platz\/wp-content\/uploads\/2011\/05\/Lage250_110516.pdf\">http:\/\/www.berlin-suedwest.de\/breslauer-platz\/wp-content\/uploads\/2011\/05\/Lage250_1105161.pdf<\/a><\/div>\n<p><em>Hier also der Stand unserer Entw\u00fcrfe, <\/em><\/p>\n<p><em>(Link \u00f6ffnet den Plan als PDF!<\/em>)<br \/>\n<em>Bitte <strong>unbedingt vergr\u00f6\u00dfert<\/strong> ansehen,<\/em><br \/>\n<em>die verkleinerte Darstellung auf dem Monitor t\u00e4uscht unglaublich!!!<\/em><\/p>\n<div><span style=\"font-family: Arial;\"><span style=\"line-height: 15px; font-size: x-small;\"> <\/span><\/span><\/div>\n<\/div>\n<\/blockquote>\n","protected":false},"excerpt":{"rendered":"<p>Es ist uns gelungen, die amtliche Seite (genau das\u00a0Bezirksamt Tempelhof-Sch\u00f6neberg, Amt f\u00fcr Planung und Denkmalschutz)\u00a0von der \u00dcberlegenheit unseres Entwurfs gegen\u00fcber dem Fugmann-Entwurf zu \u00fcberzeugen!!! Der n\u00e4chste Schritt im Verfahren wird also ohne das B\u00fcro Fugmann stattfinden. Es wurde verabredet, dass &hellip; <a href=\"http:\/\/www.berlin-suedwest.de\/breslauer-platz\/?p=463\">Weiterlesen <span class=\"meta-nav\">&rarr;<\/span><\/a><\/p>\n","protected":false},"author":2,"featured_media":0,"comment_status":"closed","ping_status":"closed","sticky":false,"template":"","format":"standard","meta":{"footnotes":""},"categories":[1],"tags":[],"class_list":["post-463","post","type-post","status-publish","format-standard","hentry","category-allgemein"],"_links":{"self":[{"href":"http:\/\/www.berlin-suedwest.de\/breslauer-platz\/index.php?rest_route=\/wp\/v2\/posts\/463","targetHints":{"allow":["GET"]}}],"collection":[{"href":"http:\/\/www.berlin-suedwest.de\/breslauer-platz\/index.php?rest_route=\/wp\/v2\/posts"}],"about":[{"href":"http:\/\/www.berlin-suedwest.de\/breslauer-platz\/index.php?rest_route=\/wp\/v2\/types\/post"}],"author":[{"embeddable":true,"href":"http:\/\/www.berlin-suedwest.de\/breslauer-platz\/index.php?rest_route=\/wp\/v2\/users\/2"}],"replies":[{"embeddable":true,"href":"http:\/\/www.berlin-suedwest.de\/breslauer-platz\/index.php?rest_route=%2Fwp%2Fv2%2Fcomments&post=463"}],"version-history":[{"count":14,"href":"http:\/\/www.berlin-suedwest.de\/breslauer-platz\/index.php?rest_route=\/wp\/v2\/posts\/463\/revisions"}],"predecessor-version":[{"id":1396,"href":"http:\/\/www.berlin-suedwest.de\/breslauer-platz\/index.php?rest_route=\/wp\/v2\/posts\/463\/revisions\/1396"}],"wp:attachment":[{"href":"http:\/\/www.berlin-suedwest.de\/breslauer-platz\/index.php?rest_route=%2Fwp%2Fv2%2Fmedia&parent=463"}],"wp:term":[{"taxonomy":"category","embeddable":true,"href":"http:\/\/www.berlin-suedwest.de\/breslauer-platz\/index.php?rest_route=%2Fwp%2Fv2%2Fcategories&post=463"},{"taxonomy":"post_tag","embeddable":true,"href":"http:\/\/www.berlin-suedwest.de\/breslauer-platz\/index.php?rest_route=%2Fwp%2Fv2%2Ftags&post=463"}],"curies":[{"name":"wp","href":"https:\/\/api.w.org\/{rel}","templated":true}]}}