{"id":430,"date":"2011-04-21T10:12:28","date_gmt":"2011-04-21T08:12:28","guid":{"rendered":"http:\/\/www.berlin-suedwest.de\/breslauer-platz\/?p=430"},"modified":"2014-10-20T17:20:34","modified_gmt":"2014-10-20T15:20:34","slug":"achtung-treffen-ausser-der-reihe","status":"publish","type":"post","link":"http:\/\/www.berlin-suedwest.de\/breslauer-platz\/?p=430","title":{"rendered":"B\u00fcrgerinitiative vor Ort"},"content":{"rendered":"<p>Am Mittwoch, den 25. Mai, trafen sich Mitglieder der B\u00fcrgerinitiative auf dem Breslauer Platz, um die unterirdische Toilettenanlage unter F\u00fchrung von\u00a0Frau Tetzner der BVG zu besichtigen.<\/p>\n<p>Hier einige Eindr\u00fccke:<\/p>\n<p><a href=\"http:\/\/www.berlin-suedwest.de\/breslauer-platz\/wp-content\/uploads\/2011\/04\/L1150751.jpg\"><img loading=\"lazy\" decoding=\"async\" title=\"L1150762\" src=\"http:\/\/www.berlin-suedwest.de\/breslauer-platz\/wp-content\/uploads\/2011\/04\/L1150762.jpg\" alt=\"\" width=\"270\" height=\"480\" \/><\/a><\/p>\n<p><a href=\"http:\/\/www.berlin-suedwest.de\/breslauer-platz\/wp-content\/uploads\/2011\/04\/L1150751.jpg\"><img loading=\"lazy\" decoding=\"async\" title=\"L1150751\" src=\"http:\/\/www.berlin-suedwest.de\/breslauer-platz\/wp-content\/uploads\/2011\/04\/L1150751.jpg\" alt=\"\" width=\"270\" height=\"480\" \/><\/a> <a href=\"http:\/\/www.berlin-suedwest.de\/breslauer-platz\/wp-content\/uploads\/2011\/04\/L1150764.jpg\"><img loading=\"lazy\" decoding=\"async\" title=\"L1150764\" src=\"http:\/\/www.berlin-suedwest.de\/breslauer-platz\/wp-content\/uploads\/2011\/04\/L1150764.jpg\" alt=\"\" width=\"270\" height=\"480\" \/><\/a><\/p>\n<p><a href=\"http:\/\/www.berlin-suedwest.de\/breslauer-platz\/wp-content\/uploads\/2011\/04\/L1150762.jpg\"><\/a><br \/>\n<img loading=\"lazy\" decoding=\"async\" class=\"alignleft size-full wp-image-515\" title=\"L1150770\" src=\"http:\/\/www.berlin-suedwest.de\/breslauer-platz\/wp-content\/uploads\/2011\/04\/L1150770.jpg\" alt=\"\" width=\"640\" height=\"360\" srcset=\"http:\/\/www.berlin-suedwest.de\/breslauer-platz\/wp-content\/uploads\/2011\/04\/L1150770.jpg 640w, http:\/\/www.berlin-suedwest.de\/breslauer-platz\/wp-content\/uploads\/2011\/04\/L1150770-300x168.jpg 300w\" sizes=\"auto, (max-width: 640px) 100vw, 640px\" \/><\/p>\n<p>&nbsp;<\/p>\n<p><img loading=\"lazy\" decoding=\"async\" class=\"alignleft size-full wp-image-518\" title=\"L1150808\" src=\"http:\/\/www.berlin-suedwest.de\/breslauer-platz\/wp-content\/uploads\/2011\/04\/L1150808.jpg\" alt=\"\" width=\"270\" height=\"480\" srcset=\"http:\/\/www.berlin-suedwest.de\/breslauer-platz\/wp-content\/uploads\/2011\/04\/L1150808.jpg 270w, http:\/\/www.berlin-suedwest.de\/breslauer-platz\/wp-content\/uploads\/2011\/04\/L1150808-168x300.jpg 168w\" sizes=\"auto, (max-width: 270px) 100vw, 270px\" \/><\/p>\n<p>&nbsp;<\/p>\n<p>&nbsp;<\/p>\n<p>&nbsp;<\/p>\n<p>&nbsp;<\/p>\n","protected":false},"excerpt":{"rendered":"<p>Am Mittwoch, den 25. Mai, trafen sich Mitglieder der B\u00fcrgerinitiative auf dem Breslauer Platz, um die unterirdische Toilettenanlage unter F\u00fchrung von\u00a0Frau Tetzner der BVG zu besichtigen. Hier einige Eindr\u00fccke: &nbsp; &nbsp; &nbsp; &nbsp; &nbsp;<\/p>\n","protected":false},"author":2,"featured_media":516,"comment_status":"closed","ping_status":"closed","sticky":false,"template":"","format":"standard","meta":{"footnotes":""},"categories":[1],"tags":[],"class_list":["post-430","post","type-post","status-publish","format-standard","has-post-thumbnail","hentry","category-allgemein"],"_links":{"self":[{"href":"http:\/\/www.berlin-suedwest.de\/breslauer-platz\/index.php?rest_route=\/wp\/v2\/posts\/430","targetHints":{"allow":["GET"]}}],"collection":[{"href":"http:\/\/www.berlin-suedwest.de\/breslauer-platz\/index.php?rest_route=\/wp\/v2\/posts"}],"about":[{"href":"http:\/\/www.berlin-suedwest.de\/breslauer-platz\/index.php?rest_route=\/wp\/v2\/types\/post"}],"author":[{"embeddable":true,"href":"http:\/\/www.berlin-suedwest.de\/breslauer-platz\/index.php?rest_route=\/wp\/v2\/users\/2"}],"replies":[{"embeddable":true,"href":"http:\/\/www.berlin-suedwest.de\/breslauer-platz\/index.php?rest_route=%2Fwp%2Fv2%2Fcomments&post=430"}],"version-history":[{"count":18,"href":"http:\/\/www.berlin-suedwest.de\/breslauer-platz\/index.php?rest_route=\/wp\/v2\/posts\/430\/revisions"}],"predecessor-version":[{"id":1397,"href":"http:\/\/www.berlin-suedwest.de\/breslauer-platz\/index.php?rest_route=\/wp\/v2\/posts\/430\/revisions\/1397"}],"wp:featuredmedia":[{"embeddable":true,"href":"http:\/\/www.berlin-suedwest.de\/breslauer-platz\/index.php?rest_route=\/wp\/v2\/media\/516"}],"wp:attachment":[{"href":"http:\/\/www.berlin-suedwest.de\/breslauer-platz\/index.php?rest_route=%2Fwp%2Fv2%2Fmedia&parent=430"}],"wp:term":[{"taxonomy":"category","embeddable":true,"href":"http:\/\/www.berlin-suedwest.de\/breslauer-platz\/index.php?rest_route=%2Fwp%2Fv2%2Fcategories&post=430"},{"taxonomy":"post_tag","embeddable":true,"href":"http:\/\/www.berlin-suedwest.de\/breslauer-platz\/index.php?rest_route=%2Fwp%2Fv2%2Ftags&post=430"}],"curies":[{"name":"wp","href":"https:\/\/api.w.org\/{rel}","templated":true}]}}