{"id":1714,"date":"2020-12-19T11:29:33","date_gmt":"2020-12-19T10:29:33","guid":{"rendered":"http:\/\/www.berlin-suedwest.de\/breslauer-platz\/?p=1714"},"modified":"2020-12-19T11:32:17","modified_gmt":"2020-12-19T10:32:17","slug":"agenda-zur-ortsbegehung-breslauer-platz-vom-20-6-2019","status":"publish","type":"post","link":"http:\/\/www.berlin-suedwest.de\/breslauer-platz\/?p=1714","title":{"rendered":"AGENDA ZUR ORTSBEGEHUNG Breslauer Platz vom 20.6.2019"},"content":{"rendered":"\n<figure class=\"wp-block-gallery columns-3 is-cropped wp-block-gallery-1 is-layout-flex wp-block-gallery-is-layout-flex\"><ul class=\"blocks-gallery-grid\"><li class=\"blocks-gallery-item\"><figure><a href=\"http:\/\/www.berlin-suedwest.de\/breslauer-platz\/wp-content\/uploads\/2020\/12\/p20190505-016.jpg\"><img loading=\"lazy\" decoding=\"async\" width=\"1024\" height=\"768\" src=\"http:\/\/www.berlin-suedwest.de\/breslauer-platz\/wp-content\/uploads\/2020\/12\/p20190505-016-1024x768.jpg\" alt=\"\" data-id=\"1715\" data-full-url=\"http:\/\/www.berlin-suedwest.de\/breslauer-platz\/wp-content\/uploads\/2020\/12\/p20190505-016.jpg\" data-link=\"http:\/\/www.berlin-suedwest.de\/breslauer-platz\/?attachment_id=1715\" class=\"wp-image-1715\" srcset=\"http:\/\/www.berlin-suedwest.de\/breslauer-platz\/wp-content\/uploads\/2020\/12\/p20190505-016-1024x768.jpg 1024w, http:\/\/www.berlin-suedwest.de\/breslauer-platz\/wp-content\/uploads\/2020\/12\/p20190505-016-300x225.jpg 300w, http:\/\/www.berlin-suedwest.de\/breslauer-platz\/wp-content\/uploads\/2020\/12\/p20190505-016-768x576.jpg 768w, http:\/\/www.berlin-suedwest.de\/breslauer-platz\/wp-content\/uploads\/2020\/12\/p20190505-016-1536x1152.jpg 1536w, http:\/\/www.berlin-suedwest.de\/breslauer-platz\/wp-content\/uploads\/2020\/12\/p20190505-016-2048x1536.jpg 2048w\" sizes=\"auto, (max-width: 1024px) 100vw, 1024px\" \/><\/a><\/figure><\/li><li class=\"blocks-gallery-item\"><figure><a href=\"http:\/\/www.berlin-suedwest.de\/breslauer-platz\/wp-content\/uploads\/2020\/12\/p20190505-019.jpg\"><img loading=\"lazy\" decoding=\"async\" width=\"768\" height=\"1024\" src=\"http:\/\/www.berlin-suedwest.de\/breslauer-platz\/wp-content\/uploads\/2020\/12\/p20190505-019-768x1024.jpg\" alt=\"\" data-id=\"1716\" data-full-url=\"http:\/\/www.berlin-suedwest.de\/breslauer-platz\/wp-content\/uploads\/2020\/12\/p20190505-019.jpg\" data-link=\"http:\/\/www.berlin-suedwest.de\/breslauer-platz\/?attachment_id=1716\" class=\"wp-image-1716\" srcset=\"http:\/\/www.berlin-suedwest.de\/breslauer-platz\/wp-content\/uploads\/2020\/12\/p20190505-019-768x1024.jpg 768w, http:\/\/www.berlin-suedwest.de\/breslauer-platz\/wp-content\/uploads\/2020\/12\/p20190505-019-225x300.jpg 225w, http:\/\/www.berlin-suedwest.de\/breslauer-platz\/wp-content\/uploads\/2020\/12\/p20190505-019-1152x1536.jpg 1152w, http:\/\/www.berlin-suedwest.de\/breslauer-platz\/wp-content\/uploads\/2020\/12\/p20190505-019-1536x2048.jpg 1536w, http:\/\/www.berlin-suedwest.de\/breslauer-platz\/wp-content\/uploads\/2020\/12\/p20190505-019.jpg 1704w\" sizes=\"auto, (max-width: 768px) 100vw, 768px\" \/><\/a><\/figure><\/li><li class=\"blocks-gallery-item\"><figure><a href=\"http:\/\/www.berlin-suedwest.de\/breslauer-platz\/wp-content\/uploads\/2020\/12\/p20190505-020.jpg\"><img loading=\"lazy\" decoding=\"async\" width=\"1024\" height=\"768\" src=\"http:\/\/www.berlin-suedwest.de\/breslauer-platz\/wp-content\/uploads\/2020\/12\/p20190505-020-1024x768.jpg\" alt=\"\" data-id=\"1717\" data-full-url=\"http:\/\/www.berlin-suedwest.de\/breslauer-platz\/wp-content\/uploads\/2020\/12\/p20190505-020.jpg\" data-link=\"http:\/\/www.berlin-suedwest.de\/breslauer-platz\/?attachment_id=1717\" class=\"wp-image-1717\" srcset=\"http:\/\/www.berlin-suedwest.de\/breslauer-platz\/wp-content\/uploads\/2020\/12\/p20190505-020-1024x768.jpg 1024w, http:\/\/www.berlin-suedwest.de\/breslauer-platz\/wp-content\/uploads\/2020\/12\/p20190505-020-300x225.jpg 300w, http:\/\/www.berlin-suedwest.de\/breslauer-platz\/wp-content\/uploads\/2020\/12\/p20190505-020-768x576.jpg 768w, http:\/\/www.berlin-suedwest.de\/breslauer-platz\/wp-content\/uploads\/2020\/12\/p20190505-020-1536x1152.jpg 1536w, http:\/\/www.berlin-suedwest.de\/breslauer-platz\/wp-content\/uploads\/2020\/12\/p20190505-020-2048x1536.jpg 2048w\" sizes=\"auto, (max-width: 1024px) 100vw, 1024px\" \/><\/a><\/figure><\/li><li class=\"blocks-gallery-item\"><figure><a href=\"http:\/\/www.berlin-suedwest.de\/breslauer-platz\/wp-content\/uploads\/2020\/12\/p20190505-022.jpg\"><img loading=\"lazy\" decoding=\"async\" width=\"1024\" height=\"768\" src=\"http:\/\/www.berlin-suedwest.de\/breslauer-platz\/wp-content\/uploads\/2020\/12\/p20190505-022-1024x768.jpg\" alt=\"\" data-id=\"1718\" data-full-url=\"http:\/\/www.berlin-suedwest.de\/breslauer-platz\/wp-content\/uploads\/2020\/12\/p20190505-022.jpg\" data-link=\"http:\/\/www.berlin-suedwest.de\/breslauer-platz\/?attachment_id=1718\" class=\"wp-image-1718\" srcset=\"http:\/\/www.berlin-suedwest.de\/breslauer-platz\/wp-content\/uploads\/2020\/12\/p20190505-022-1024x768.jpg 1024w, http:\/\/www.berlin-suedwest.de\/breslauer-platz\/wp-content\/uploads\/2020\/12\/p20190505-022-300x225.jpg 300w, http:\/\/www.berlin-suedwest.de\/breslauer-platz\/wp-content\/uploads\/2020\/12\/p20190505-022-768x576.jpg 768w, http:\/\/www.berlin-suedwest.de\/breslauer-platz\/wp-content\/uploads\/2020\/12\/p20190505-022-1536x1152.jpg 1536w, http:\/\/www.berlin-suedwest.de\/breslauer-platz\/wp-content\/uploads\/2020\/12\/p20190505-022-2048x1536.jpg 2048w\" sizes=\"auto, (max-width: 1024px) 100vw, 1024px\" \/><\/a><\/figure><\/li><li class=\"blocks-gallery-item\"><figure><a href=\"http:\/\/www.berlin-suedwest.de\/breslauer-platz\/wp-content\/uploads\/2020\/12\/p20190505-023.jpg\"><img loading=\"lazy\" decoding=\"async\" width=\"1024\" height=\"768\" src=\"http:\/\/www.berlin-suedwest.de\/breslauer-platz\/wp-content\/uploads\/2020\/12\/p20190505-023-1024x768.jpg\" alt=\"\" data-id=\"1719\" data-full-url=\"http:\/\/www.berlin-suedwest.de\/breslauer-platz\/wp-content\/uploads\/2020\/12\/p20190505-023.jpg\" data-link=\"http:\/\/www.berlin-suedwest.de\/breslauer-platz\/?attachment_id=1719\" class=\"wp-image-1719\" srcset=\"http:\/\/www.berlin-suedwest.de\/breslauer-platz\/wp-content\/uploads\/2020\/12\/p20190505-023-1024x768.jpg 1024w, http:\/\/www.berlin-suedwest.de\/breslauer-platz\/wp-content\/uploads\/2020\/12\/p20190505-023-300x225.jpg 300w, http:\/\/www.berlin-suedwest.de\/breslauer-platz\/wp-content\/uploads\/2020\/12\/p20190505-023-768x576.jpg 768w, http:\/\/www.berlin-suedwest.de\/breslauer-platz\/wp-content\/uploads\/2020\/12\/p20190505-023-1536x1152.jpg 1536w, http:\/\/www.berlin-suedwest.de\/breslauer-platz\/wp-content\/uploads\/2020\/12\/p20190505-023-2048x1536.jpg 2048w\" sizes=\"auto, (max-width: 1024px) 100vw, 1024px\" \/><\/a><\/figure><\/li><\/ul><\/figure>\n\n\n\n<p><strong>R\u00fcckseite Pavillon<\/strong><\/p>\n\n\n\n<p><strong>1 &#8211;<\/strong> allgemeine Verschmutzung, Graffitis, mangelnde Stra\u00dfenreinigung<\/p>\n\n\n\n<p><strong>2 <\/strong>&#8211; Treppenabg\u00e4nge kaputt und teils verm\u00fcllt<\/p>\n\n\n\n<p><strong>3 <\/strong>&#8211; Verfettung der Granitplatten \u2026..macht diese im \u00dcbrigen gef\u00e4hrlich glatt<\/p>\n\n\n\n<p><strong>4<\/strong> &#8211; B\u00e4nke sind durch Touchierungen etc. direkt besch\u00e4digt \/ gesplittert \/ Latten lose und angeknackst<\/p>\n\n\n\n<p><strong>5 <\/strong>&#8211; 1 Baumbank ist an der Ecke durch Rempler gesplittert<\/p>\n\n\n\n<p><strong>6<\/strong> &#8211; 1 Plantainer ist durch Rempler verschoben<\/p>\n\n\n\n<p><strong>7<\/strong> &#8211; M\u00fcllbeh\u00e4lter der BSR sind versaut und unzureichend<\/p>\n\n\n\n<p><strong>8<\/strong> &#8211; auch die Elektropoller sind versaut<\/p>\n\n\n\n<p><strong>10<\/strong><strong> Plantainer und B\u00e4nke<\/strong> seit 2015 ohne jede Pflege, sind verschmiert, besch\u00e4digt, verschoben<\/p>\n\n\n\n<p>\u2026.beklagenswerten Graffiti-Verschmutzungen an Pavillon, B\u00e4nken und Pflanzcontainern zu beseitigen. Auch durch die BVG&nbsp; oder die Kioskbetreiber !&nbsp;<\/p>\n\n\n\n<!--more-->\n\n\n\n<p><strong>11 Baumscheiben<\/strong> an der Lauterstra\u00dfe (soweit nicht von LUA bepflanzt und gepflegt) v\u00f6llig verdreckt und ohne Pflege<\/p>\n\n\n\n<p>&#8211; die Baumscheiben sind insgesamt nie gepflegt worden<\/p>\n\n\n\n<p>&#8211; neue B\u00e4ume vor Rathaus sind gewachsen und Pflanzhalterungen m\u00fc\u00dften jetzt nachjustiert werden<\/p>\n\n\n\n<p><strong>Die Verwahrlosung des Platzes nimmt rasant zu &#8211; wenn man den Anf\u00e4ngen wie hier nicht zeitnah wehrt ! Dieser Zeitpunkt ist schon lange verpa\u00dft !<\/strong><\/p>\n\n\n\n<p><strong>an der Niedstra\u00dfe \u2026.<\/strong><\/p>\n\n\n\n<p><strong>12<\/strong> &#8211; einige Fahrradst\u00e4nder sind krumm und verbogen und zeigen Farbabbl\u00e4tterung da verzinkt geliefert und nur \u201enachgemalert\u201c (das h\u00e4tte nicht akzeptiert werden d\u00fcrfen ! ) , \u2026ebenso wie wahllos unterschiedliche Pflasterstein-Gr\u00f6\u00dfen von 10\/10 und 9\/9 durcheinander, so dass kein ordentliches Pflasterraster und Gesamtbild je entstand )<\/p>\n\n\n\n<p><strong>13 <\/strong>&#8211; die neue Hochpflasterung der Niedstra\u00dfe zur Hauptstra\u00dfe hin weist bereits seitlich Risse auf<\/p>\n\n\n\n<p><strong>14 <\/strong><strong>mangelhafte Pflasterung des Platzes : zu gro\u00dfer, verschmutzter Fugenanteil f\u00fcr<\/strong><\/p>\n\n\n\n<p><strong>Marktnutzung, teils 3 cm tiefe Fugen<\/strong><\/p>\n\n\n\n<p><strong>&#8211; tiefes Aussandung der Fugen<\/strong> und dadurch bedingten erhebliche Verschmutzung der Platzpflasterung ( wie es f\u00fcr einen Markt nicht sein darf !) \u2013 dem mu\u00df mit \u00dcberarbeitung der mangelhaften Bereich begegnet werden !<\/p>\n\n\n\n<p>&#8211; nur wenige Bereich haben noch \u201eb\u00fcndige\u201c Ausfugung wie es eigentlich sein soll !<\/p>\n\n\n\n<p>&#8211; d.h. u.Anderem : M\u00e4ngelmeldung an die vormalige Baufirma auch zwecks Gew\u00e4hrleistungs-anspr\u00fcche und Kl\u00e4rung einer durchgehenden M\u00e4ngelbehebung und eine .neue, geschlossene Ausfugung<\/p>\n\n\n\n<p><strong>15<\/strong><strong> dazuhin sind mittlerweile zahlreiche Fehlstellen und Aufbr\u00fcche der Pflasterungzu verzeichnen<\/strong><\/p>\n\n\n\n<p><strong>&#8211; die Pflasterung war f\u00fcr 16 to Belastungen ausgelegt worden -und h\u00e4lt nicht stand- obgleich die Marktgef\u00e4hrte und H\u00e4nger wohl nur bis 5 t wiegen!<\/strong><\/p>\n\n\n\n<p><strong>17<\/strong><strong> fehlende Ausstattung <\/strong>(wie bereits an Frau Hei\u00df 5.Sept. 2017 sowie 1. Aug 2017)<\/p>\n\n\n\n<p>&#8211; <strong>2 Info-Stelen<\/strong> mit offizieller Ausweisung der Marktaufstellung und Beschreibung der Platzhistorie<\/p>\n\n\n\n<p>&#8211; Textung zur Baugeschichte und Graphik (damit den Hauptkostenpunkt !!!) h\u00e4tte die BI gesponsert! &#8211; gem. Angebot der FSE Behindertenwerkstatt Lankwitz: je ca 1700 Euro liegt dem BA vor !<\/p>\n\n\n\n<p>&#8211; ein markantes Platz-Schild \u201eBreslauer Platz\u201c am Zugang Niedstra\u00dfe und vorn an der Spitze, gem\u00e4\u00df einem vormals aviserten \u201eMeilenstein\u201c an der B2 ist notwendig !<\/p>\n\n\n\n<p><strong>18 <\/strong><strong>der Platz erscheint den Besuchern zu kahl und schattenlos<\/strong><\/p>\n\n\n\n<p>&#8211; es werden weitere B\u00e4nke und weiteres Gr\u00fcn&nbsp; (evtl. Hochbeete !) im Bereich Niedstra\u00dfe\/<\/p>\n\n\n\n<p>Rheinstra\u00dfe gefordert<\/p>\n\n\n\n<p>&#8211; ebenso weitere Baumpflanzung<\/p>\n\n\n\n<p>&#8211; Abschirmung gegen Rheinstra\u00dfe\/Hauptstra\u00dfe mit gestalteten und nutzbaren M\u00f6blierungen o.\u00c4.<\/p>\n\n\n\n<p>&#8211; Erg\u00e4nzung der Gestaltung durch Fertigstellung zur Schmargendorfer Str. hin.<\/p>\n\n\n\n<p><strong>die&nbsp;Marktaufstellung<\/strong><strong> \u2026..galt nach Baustopp Sept &#8211; 2015 nur als \u201evorl\u00e4ufig\u201c<\/strong><\/p>\n\n\n\n<p><strong>19<\/strong> \u2026. mu\u00df mit der Fertigstellung und <em><strong>den Feuerwehrvorschriften<\/strong><\/em> endlich angepasst werden<\/p>\n\n\n\n<p><strong>20 <\/strong>\u2026 B\u00e4nke und Durchg\u00e4nge m\u00fcssen freigehalten bleiben \/ zug\u00e4nglich gemacht werden<\/p>\n\n\n\n<p><strong>21<\/strong> \u2026 zu Markttagen werden die B\u00e4nke zugestellt, als Abstellgelegenheiten benutzt<\/p>\n\n\n\n<p>\u2026 auch die sehr beliebten Bank-Carrees um die B\u00e4ume werden v\u00f6llig blockiert, mi\u00dfbraucht und fehlgenutzt !<\/p>\n\n\n\n<p>\u2026 die urspr\u00fcnglich intendierte Querdurchl\u00e4ssigkeit der Marktreihen an den Baumgevierten ist versperrt<\/p>\n\n\n\n<p><strong>&gt;&gt; das eigentliche zentrale Neugestaltungsziel dem Platz und dem Markt einen \u201eMittelpunkt\u201c , einen Aufenthaltsbereich mit einladende Optik und Verweilqualit\u00e4t am Pavillon mit B\u00e4nkegeviert, Pflanzen etc gestalten wird durch diese Marktstellung zugestellt und v\u00f6llig konterkariert !<\/strong><\/p>\n\n\n\n<p><strong>22<\/strong> &gt;&gt;&gt; Obst und Gem\u00fcsest\u00e4nde bauen zu weit in die Gasse der Lauterstra\u00dfe<\/p>\n\n\n\n<p><strong>23<\/strong> &gt;&gt;&gt; die Zufahrt ist im Notfall behindert<\/p>\n\n\n\n<p><strong>24<\/strong> &gt;&gt;&gt; die Feuerwehr hat im Notfall keine Orientierung<\/p>\n\n\n\n<p><strong>25 Feuerwehranforderungen<\/strong><strong> und Ma\u00dfe sind (hinsichtlich der immer noch \u201evorl\u00e4ufigen Marktaufstellung) zu \u00fcberpr\u00fcfen und umzusetzen\u2026.. Zufahrten m\u00fcssten freigehalten werden<\/strong><\/p>\n\n\n\n<p><strong>Gassenabstand von 10.00 \/ sowie 4 m zur Geb\u00e4udefront sind f\u00fcr Anleitung etc. sind einzuhalten<\/strong><\/p>\n\n\n\n<p>\u2026<strong>erm\u00f6glicht aber auch eine zweireihige Aufstellung zur Geb\u00e4udefront<\/strong><\/p>\n\n\n\n<p><strong>26 vorhandene Anliefer- und Kurzparkzonen kombinieren !!<\/strong><\/p>\n\n\n\n<p>Markt-Anliefer-Streifen Niedstra\u00dfe vor dem Rathaus &#8211; bedingt unakzeptable Verkehrsge-f\u00e4hrungen jeden Markttag (vor allem Samstags) durch sehr un\u00fcbersichtliche Verkehrssituation zudem in einer Kurve, und zudem daf\u00fcr zur schmaler Stra\u00dfe !!!<\/p>\n\n\n\n<p>&gt;&gt;&gt;&gt; warum denn nicht die ja bestehenden Anlieferzonen des Marktes auch f\u00fcr Gewerbeanlieferung nutzen ??<\/p>\n\n\n\n<p>(unsere Schreiben und Planskizze mit emial vom 7. Feb.2019 blieb bislang ohne fundierte Antwort ! &#8211; eine angebliche 2-malige \u201eAbweisung\u201c hierzu von der Verkehrsleitung Berlin liegrt nicht vor, denn diese wurde seit 2015 zum Platz nicht mehr angefragt )<\/p>\n\n\n\n<p><strong>27<\/strong> Beschilderung\u2026.. die nicht nach STVO ist ! \u2026\u2026sind unwirksam\u2026. z.B. wei\u00dfe Begrenzungs-Linien sind kaum mehr erkennbar ( laut Aussage einer Polizeistreife im Zuge der Verkehrsz\u00e4hlung)<\/p>\n\n\n\n<p><strong>28 Gehsteigumwehrung vor dem Rathaus<\/strong><\/p>\n\n\n\n<p>ist gestaltlos und ohne Blick auf die begonnene Platzgestaltung eben mal bestellt und \u201emontiert\u201c<\/p>\n\n\n\n<p>&#8211; eine obere Stange fehlt auch !<\/p>\n\n\n\n<p><strong>29 Telehydrant<\/strong> wenig brauchbar \u2013 erf\u00fcllt nicht die angek\u00fcndigten Erwartungen, sondern scheint eine handwerkliche Bastell\u00f6sung zu sein und ging schon auseinander !<\/p>\n\n\n\n<p>\u2026 auch gibt es weiterhin f\u00fcr den Markt keine ordnungsgem\u00e4\u00dfe Schmutzwasserentsorgung (die Ank\u00fcndigung der BWB waren hierzu anders !)<\/p>\n\n\n\n<p>&gt;&gt; Effekt : der Stra\u00dfengully vis-a-vis ist weiterhin von Abwasser verdreckt<\/p>\n\n\n\n<p><strong>30 <\/strong><strong>die<\/strong> <strong>BWB-Trinkwasser-S\u00e4ule<\/strong> ist nicht das angek\u00fcndigte <strong>Kayser-Modell der BWB !<\/strong><\/p>\n\n\n\n<p>\u2026\u2026 ist st\u00e4dtebaulich unpassend f\u00fcr den Platz und im Grunde unbrauchbar f\u00fcr die Markt-Nutzer und Besucher \u2026\u2026 mu\u00df gegen einen richtigen Brunnen ausgewechselt werden\u2026.<\/p>\n\n\n\n<p><strong>WANN wird das sein?<\/strong><\/p>\n\n\n\n<p><strong>WANN beginnen die Arbeiten zur Fertigstellung als FGZ ? Wann ist Fertigstellung ?<\/strong><\/p>\n","protected":false},"excerpt":{"rendered":"<p>R\u00fcckseite Pavillon 1 &#8211; allgemeine Verschmutzung, Graffitis, mangelnde Stra\u00dfenreinigung 2 &#8211; Treppenabg\u00e4nge kaputt und teils verm\u00fcllt 3 &#8211; Verfettung der Granitplatten \u2026..macht diese im \u00dcbrigen gef\u00e4hrlich glatt 4 &#8211; B\u00e4nke sind durch Touchierungen etc. direkt besch\u00e4digt \/ gesplittert \/ Latten &hellip; <a href=\"http:\/\/www.berlin-suedwest.de\/breslauer-platz\/?p=1714\">Weiterlesen <span class=\"meta-nav\">&rarr;<\/span><\/a><\/p>\n","protected":false},"author":4,"featured_media":0,"comment_status":"closed","ping_status":"closed","sticky":false,"template":"","format":"standard","meta":{"footnotes":""},"categories":[1],"tags":[],"class_list":["post-1714","post","type-post","status-publish","format-standard","hentry","category-allgemein"],"_links":{"self":[{"href":"http:\/\/www.berlin-suedwest.de\/breslauer-platz\/index.php?rest_route=\/wp\/v2\/posts\/1714","targetHints":{"allow":["GET"]}}],"collection":[{"href":"http:\/\/www.berlin-suedwest.de\/breslauer-platz\/index.php?rest_route=\/wp\/v2\/posts"}],"about":[{"href":"http:\/\/www.berlin-suedwest.de\/breslauer-platz\/index.php?rest_route=\/wp\/v2\/types\/post"}],"author":[{"embeddable":true,"href":"http:\/\/www.berlin-suedwest.de\/breslauer-platz\/index.php?rest_route=\/wp\/v2\/users\/4"}],"replies":[{"embeddable":true,"href":"http:\/\/www.berlin-suedwest.de\/breslauer-platz\/index.php?rest_route=%2Fwp%2Fv2%2Fcomments&post=1714"}],"version-history":[{"count":2,"href":"http:\/\/www.berlin-suedwest.de\/breslauer-platz\/index.php?rest_route=\/wp\/v2\/posts\/1714\/revisions"}],"predecessor-version":[{"id":1721,"href":"http:\/\/www.berlin-suedwest.de\/breslauer-platz\/index.php?rest_route=\/wp\/v2\/posts\/1714\/revisions\/1721"}],"wp:attachment":[{"href":"http:\/\/www.berlin-suedwest.de\/breslauer-platz\/index.php?rest_route=%2Fwp%2Fv2%2Fmedia&parent=1714"}],"wp:term":[{"taxonomy":"category","embeddable":true,"href":"http:\/\/www.berlin-suedwest.de\/breslauer-platz\/index.php?rest_route=%2Fwp%2Fv2%2Fcategories&post=1714"},{"taxonomy":"post_tag","embeddable":true,"href":"http:\/\/www.berlin-suedwest.de\/breslauer-platz\/index.php?rest_route=%2Fwp%2Fv2%2Ftags&post=1714"}],"curies":[{"name":"wp","href":"https:\/\/api.w.org\/{rel}","templated":true}]}}