{"id":1702,"date":"2020-09-26T15:55:28","date_gmt":"2020-09-26T13:55:28","guid":{"rendered":"http:\/\/www.berlin-suedwest.de\/breslauer-platz\/?p=1702"},"modified":"2020-12-19T11:33:10","modified_gmt":"2020-12-19T10:33:10","slug":"schadensdrama-nach-jahrelanger-untaetigkeit-der-stadtraetin-heiss-und-des-tiefbauamtes","status":"publish","type":"post","link":"http:\/\/www.berlin-suedwest.de\/breslauer-platz\/?p=1702","title":{"rendered":"SCHADENSDRAMA  NACH JAHRELANGER UNT\u00c4TIGKEIT DER STADTR\u00c4TIN HEISS UND DES TIEFBAUAMTES"},"content":{"rendered":"\n<figure class=\"wp-block-image size-large\"><img loading=\"lazy\" decoding=\"async\" width=\"800\" height=\"536\" src=\"http:\/\/www.berlin-suedwest.de\/breslauer-platz\/wp-content\/uploads\/2020\/09\/breslauerplatz-stolperstein-DSC07992.jpg\" alt=\"\" class=\"wp-image-1705\" srcset=\"http:\/\/www.berlin-suedwest.de\/breslauer-platz\/wp-content\/uploads\/2020\/09\/breslauerplatz-stolperstein-DSC07992.jpg 800w, http:\/\/www.berlin-suedwest.de\/breslauer-platz\/wp-content\/uploads\/2020\/09\/breslauerplatz-stolperstein-DSC07992-300x201.jpg 300w, http:\/\/www.berlin-suedwest.de\/breslauer-platz\/wp-content\/uploads\/2020\/09\/breslauerplatz-stolperstein-DSC07992-768x515.jpg 768w\" sizes=\"auto, (max-width: 800px) 100vw, 800px\" \/><figcaption>Foto: Thomas Thieme<\/figcaption><\/figure>\n\n\n\n<p>INFO ZU DEN PFLASTERSCH\u00c4DEN UNSERES MARKTPLATZES<\/p>\n\n\n\n<p>Obwohl unsere Initiative schon zur Pflasterwahl im Rahmen der B\u00fcrgerbeteiligung klare Einw\u00e4nde gegen zu kleine Pflastersteine und zu gro\u00dfe Fugen geltend machte, und wir schon seit 2014 auf mangelhafte Fugen hingewiesen hatten, und seit Ende 2017  M\u00e4ngelanzeigen an die Stadtr\u00e4tin Hei\u00df geschrieben haben, wurde der zunehmenden Aufl\u00f6sung des Pflasters nur mit sporadischen Flickreparaturen begegnet.<\/p>\n\n\n\n<p>Und anstatt wie bau\u00fcblich die ausf\u00fchrende Firma verantwortlich um M\u00e4ngelbehebung anzumahnen, um damit auch den Gew\u00e4hrleistungsanspruch f\u00fcr den Bezirk zu wahren, und auch die Grundursache der Sch\u00e4den zu eruieren, haben die Stadtr\u00e4tin und das Tiefbauamt hier ihre Handlungspflichten vers\u00e4umt. <\/p>\n\n\n\n<p>Dabei wurden zus\u00e4tzlich bei offizieller Begehung der Initiative am&nbsp;20. 6. 2019 mit der Stadtr\u00e4tin Hei\u00df und Mitarbeitern des Amtes sowie Bezirksverordneten dezidiert diese offenkundigen Pflastersch\u00e4den und die Verwahrlosung des Breslauer Platzes im Einzelnen aufgezeigt und eine M\u00e4ngelliste dazu \u00fcberreicht. Doch auch hiernach folgten nur kleine Reparatureins\u00e4tze, bei denen falsches, nur unzureichend festes Fugenmaterial verwendet wurde. &nbsp;<\/p>\n\n\n\n<!--more-->\n\n\n\n<p>Wie kann&nbsp;es sein, dass ein Fachamt solch offenbar ungen\u00fcgende Pflasterarbeiten abnimmt,  \u00fcber die Zeit (seit Sept 2017)&nbsp;vielfach&nbsp;M\u00e4ngel&nbsp;angezeigt&nbsp;bekommt,&nbsp;diese jedoch von anderen Pflasterfirmen nur sporadisch \u201eetwas ausbessern\u201c&nbsp;l\u00e4sst,&nbsp;ohne die eigentliche Schadensursache und die Gew\u00e4hrleistungsanspr\u00fcche zu verfolgen ?<\/p>\n\n\n\n<p>Auf eine Kleine Anfrage in der Bezirksverordnetenversammlung musste&nbsp;Stadtr\u00e4tin Hei\u00df in ihrer Stellungnahme vom 7.8. 2020 nun zugeben, dass diese Platz-Pflasterung nun doch einer \u201egrundhaften\u201c Erneuerung bed\u00fcrfe, aber die Gew\u00e4hrleistungsanspr\u00fcche bereits abgelaufen seien, und f\u00fcr \u201eneue\u201c Kosten eine Finanzierung nicht gekl\u00e4rt sei !<\/p>\n\n\n\n<p>Stadtr\u00e4tin Hei\u00df&nbsp;sieht also derzeit&nbsp;keine&nbsp;Abhilfem\u00f6glichkeiten !  .\u2026 und bleibt weiter unt\u00e4tig. Nachdem hier also Aufsichtspflicht und rechtzeitiges Handeln vom Amt offenbar  verschlafen wurden, wird es nun f\u00fcr den Bezirk &nbsp;&#8211; und letztlich f\u00fcr uns Steuerzahler \u2013 wohl teuer werden. <\/p>\n\n\n\n<p>Und am 15. Aug 2020&nbsp;ist eine Dame aus dem Kiez beim Marktbesuch so schwer gest\u00fcrzt,&nbsp;dass sie seitdem mit Armbr\u00fcchen im Krankenhaus liegt. Musste es erst zu solch einem Unfall mit Feuerwehreinsatz kommen ?<\/p>\n\n\n\n<p><strong>Die Sanierung dieser Pflasterung ist jetzt unabdingbar! Und die seit 2015 geforderte  Komplettierung  &nbsp;des Kiezplatzes als ganzheitliche Fu\u00dfg\u00e4ngerzone, sowie eine Instandhaltung von B\u00e4nken und Ausstattungen sind ohnehin lange \u00fcberf\u00e4llig. <\/strong><\/p>\n\n\n\n<figure class=\"wp-block-gallery columns-3 is-cropped wp-block-gallery-1 is-layout-flex wp-block-gallery-is-layout-flex\"><ul class=\"blocks-gallery-grid\"><li class=\"blocks-gallery-item\"><figure><img loading=\"lazy\" decoding=\"async\" width=\"800\" height=\"536\" src=\"http:\/\/www.berlin-suedwest.de\/breslauer-platz\/wp-content\/uploads\/2020\/09\/breslauerplatz-stolperstein-DSC07992-1.jpg\" alt=\"\" data-id=\"1706\" data-full-url=\"http:\/\/www.berlin-suedwest.de\/breslauer-platz\/wp-content\/uploads\/2020\/09\/breslauerplatz-stolperstein-DSC07992-1.jpg\" data-link=\"http:\/\/www.berlin-suedwest.de\/breslauer-platz\/?attachment_id=1706\" class=\"wp-image-1706\" srcset=\"http:\/\/www.berlin-suedwest.de\/breslauer-platz\/wp-content\/uploads\/2020\/09\/breslauerplatz-stolperstein-DSC07992-1.jpg 800w, http:\/\/www.berlin-suedwest.de\/breslauer-platz\/wp-content\/uploads\/2020\/09\/breslauerplatz-stolperstein-DSC07992-1-300x201.jpg 300w, http:\/\/www.berlin-suedwest.de\/breslauer-platz\/wp-content\/uploads\/2020\/09\/breslauerplatz-stolperstein-DSC07992-1-768x515.jpg 768w\" sizes=\"auto, (max-width: 800px) 100vw, 800px\" \/><figcaption class=\"blocks-gallery-item__caption\">SONY DSC<\/figcaption><\/figure><\/li><li class=\"blocks-gallery-item\"><figure><img loading=\"lazy\" decoding=\"async\" width=\"600\" height=\"800\" src=\"http:\/\/www.berlin-suedwest.de\/breslauer-platz\/wp-content\/uploads\/2020\/09\/IMG_20200905_170601.jpg\" alt=\"\" data-id=\"1707\" data-full-url=\"http:\/\/www.berlin-suedwest.de\/breslauer-platz\/wp-content\/uploads\/2020\/09\/IMG_20200905_170601.jpg\" data-link=\"http:\/\/www.berlin-suedwest.de\/breslauer-platz\/?attachment_id=1707\" class=\"wp-image-1707\" srcset=\"http:\/\/www.berlin-suedwest.de\/breslauer-platz\/wp-content\/uploads\/2020\/09\/IMG_20200905_170601.jpg 600w, http:\/\/www.berlin-suedwest.de\/breslauer-platz\/wp-content\/uploads\/2020\/09\/IMG_20200905_170601-225x300.jpg 225w\" sizes=\"auto, (max-width: 600px) 100vw, 600px\" \/><\/figure><\/li><li class=\"blocks-gallery-item\"><figure><img loading=\"lazy\" decoding=\"async\" width=\"800\" height=\"600\" src=\"http:\/\/www.berlin-suedwest.de\/breslauer-platz\/wp-content\/uploads\/2020\/09\/IMG_20200826_163007.jpg\" alt=\"\" data-id=\"1708\" data-full-url=\"http:\/\/www.berlin-suedwest.de\/breslauer-platz\/wp-content\/uploads\/2020\/09\/IMG_20200826_163007.jpg\" data-link=\"http:\/\/www.berlin-suedwest.de\/breslauer-platz\/?attachment_id=1708\" class=\"wp-image-1708\" srcset=\"http:\/\/www.berlin-suedwest.de\/breslauer-platz\/wp-content\/uploads\/2020\/09\/IMG_20200826_163007.jpg 800w, http:\/\/www.berlin-suedwest.de\/breslauer-platz\/wp-content\/uploads\/2020\/09\/IMG_20200826_163007-300x225.jpg 300w, http:\/\/www.berlin-suedwest.de\/breslauer-platz\/wp-content\/uploads\/2020\/09\/IMG_20200826_163007-768x576.jpg 768w\" sizes=\"auto, (max-width: 800px) 100vw, 800px\" \/><\/figure><\/li><\/ul><\/figure>\n","protected":false},"excerpt":{"rendered":"<p>INFO ZU DEN PFLASTERSCH\u00c4DEN UNSERES MARKTPLATZES Obwohl unsere Initiative schon zur Pflasterwahl im Rahmen der B\u00fcrgerbeteiligung klare Einw\u00e4nde gegen zu kleine Pflastersteine und zu gro\u00dfe Fugen geltend machte, und wir schon seit 2014 auf mangelhafte Fugen hingewiesen hatten, und seit &hellip; <a href=\"http:\/\/www.berlin-suedwest.de\/breslauer-platz\/?p=1702\">Weiterlesen <span class=\"meta-nav\">&rarr;<\/span><\/a><\/p>\n","protected":false},"author":4,"featured_media":1705,"comment_status":"closed","ping_status":"closed","sticky":false,"template":"","format":"standard","meta":{"footnotes":""},"categories":[1],"tags":[],"class_list":["post-1702","post","type-post","status-publish","format-standard","has-post-thumbnail","hentry","category-allgemein"],"_links":{"self":[{"href":"http:\/\/www.berlin-suedwest.de\/breslauer-platz\/index.php?rest_route=\/wp\/v2\/posts\/1702","targetHints":{"allow":["GET"]}}],"collection":[{"href":"http:\/\/www.berlin-suedwest.de\/breslauer-platz\/index.php?rest_route=\/wp\/v2\/posts"}],"about":[{"href":"http:\/\/www.berlin-suedwest.de\/breslauer-platz\/index.php?rest_route=\/wp\/v2\/types\/post"}],"author":[{"embeddable":true,"href":"http:\/\/www.berlin-suedwest.de\/breslauer-platz\/index.php?rest_route=\/wp\/v2\/users\/4"}],"replies":[{"embeddable":true,"href":"http:\/\/www.berlin-suedwest.de\/breslauer-platz\/index.php?rest_route=%2Fwp%2Fv2%2Fcomments&post=1702"}],"version-history":[{"count":3,"href":"http:\/\/www.berlin-suedwest.de\/breslauer-platz\/index.php?rest_route=\/wp\/v2\/posts\/1702\/revisions"}],"predecessor-version":[{"id":1722,"href":"http:\/\/www.berlin-suedwest.de\/breslauer-platz\/index.php?rest_route=\/wp\/v2\/posts\/1702\/revisions\/1722"}],"wp:featuredmedia":[{"embeddable":true,"href":"http:\/\/www.berlin-suedwest.de\/breslauer-platz\/index.php?rest_route=\/wp\/v2\/media\/1705"}],"wp:attachment":[{"href":"http:\/\/www.berlin-suedwest.de\/breslauer-platz\/index.php?rest_route=%2Fwp%2Fv2%2Fmedia&parent=1702"}],"wp:term":[{"taxonomy":"category","embeddable":true,"href":"http:\/\/www.berlin-suedwest.de\/breslauer-platz\/index.php?rest_route=%2Fwp%2Fv2%2Fcategories&post=1702"},{"taxonomy":"post_tag","embeddable":true,"href":"http:\/\/www.berlin-suedwest.de\/breslauer-platz\/index.php?rest_route=%2Fwp%2Fv2%2Ftags&post=1702"}],"curies":[{"name":"wp","href":"https:\/\/api.w.org\/{rel}","templated":true}]}}