{"id":1668,"date":"2018-12-09T17:54:07","date_gmt":"2018-12-09T16:54:07","guid":{"rendered":"http:\/\/www.berlin-suedwest.de\/breslauer-platz\/?p=1668"},"modified":"2018-12-09T17:54:07","modified_gmt":"2018-12-09T16:54:07","slug":"weihnachtsbaum-erleuchtet-den-breslauer-platz","status":"publish","type":"post","link":"http:\/\/www.berlin-suedwest.de\/breslauer-platz\/?p=1668","title":{"rendered":"Weihnachtsbaum erleuchtet den Breslauer Platz"},"content":{"rendered":"<p><a href=\"http:\/\/www.berlin-suedwest.de\/breslauer-platz\/wp-content\/uploads\/2018\/12\/knappbaum.jpg\"><img loading=\"lazy\" decoding=\"async\" class=\"alignnone size-full wp-image-1669\" src=\"http:\/\/www.berlin-suedwest.de\/breslauer-platz\/wp-content\/uploads\/2018\/12\/knappbaum.jpg\" alt=\"\" width=\"800\" height=\"834\" srcset=\"http:\/\/www.berlin-suedwest.de\/breslauer-platz\/wp-content\/uploads\/2018\/12\/knappbaum.jpg 800w, http:\/\/www.berlin-suedwest.de\/breslauer-platz\/wp-content\/uploads\/2018\/12\/knappbaum-288x300.jpg 288w, http:\/\/www.berlin-suedwest.de\/breslauer-platz\/wp-content\/uploads\/2018\/12\/knappbaum-768x801.jpg 768w\" sizes=\"auto, (max-width: 800px) 100vw, 800px\" \/><\/a><\/p>\n<p class=\"western\"><span style=\"font-size: medium;\">Wie jedes Jahr, fand am Freitag vor dem 1. Advent um 17 Uhr die Licht-an-Feier f\u00fcr den Weihnachtsbaum auf dem Breslauer Platz statt. Mit Anbruch der Dunkelheit erklangen Weihnachtslieder durch den Friedenauer Posaunenchor und den Chor der Bergius-Schule, der stellvertretende B\u00fcrgermeister Oltmann sprach das Gru\u00dfwort, und als Organisatorin des weihnachtlichen Glanzes auf dem Platz entsandte Magrit Knapp die drei wei\u00dfgekleideten Engel von der Fl\u00e4ming-Schule in die Menge, um den Advent anzuk\u00fcndigen. <\/span><\/p>\n<p class=\"western\"><span style=\"font-size: medium;\">Und die Menge war trotz des unfreundlichen Regenwetters auf \u00fcber zweihundert Personen angewachsen, als das Licht am Baum dann auch tats\u00e4chlich anging. Die aufgeregtesten Besucher waren auch dieses Jahr wieder jene Kinder der Fl\u00e4ming-Schule, die zuvor im Religions-Unterricht ihre individuellen Wunschkarten an die Welt der Erwachsenen gemalt hatten und sie nun, an den Baum geh\u00e4ngt, wiederzufinden suchten. Der um den Baum kreisende Suchverkehr hielt auch nach Abschluss der Feier an. Und f\u00fcr Nachz\u00fcgler sei hier versichert: Das Licht am Baum bleibt bis \u00fcber Weihnachten an!<\/span><\/p>\n","protected":false},"excerpt":{"rendered":"<p>Wie jedes Jahr, fand am Freitag vor dem 1. Advent um 17 Uhr die Licht-an-Feier f\u00fcr den Weihnachtsbaum auf dem Breslauer Platz statt. Mit Anbruch der Dunkelheit erklangen Weihnachtslieder durch den Friedenauer Posaunenchor und den Chor der Bergius-Schule, der stellvertretende &hellip; <a href=\"http:\/\/www.berlin-suedwest.de\/breslauer-platz\/?p=1668\">Weiterlesen <span class=\"meta-nav\">&rarr;<\/span><\/a><\/p>\n","protected":false},"author":1,"featured_media":0,"comment_status":"closed","ping_status":"closed","sticky":false,"template":"","format":"standard","meta":{"footnotes":""},"categories":[1],"tags":[],"class_list":["post-1668","post","type-post","status-publish","format-standard","hentry","category-allgemein"],"_links":{"self":[{"href":"http:\/\/www.berlin-suedwest.de\/breslauer-platz\/index.php?rest_route=\/wp\/v2\/posts\/1668","targetHints":{"allow":["GET"]}}],"collection":[{"href":"http:\/\/www.berlin-suedwest.de\/breslauer-platz\/index.php?rest_route=\/wp\/v2\/posts"}],"about":[{"href":"http:\/\/www.berlin-suedwest.de\/breslauer-platz\/index.php?rest_route=\/wp\/v2\/types\/post"}],"author":[{"embeddable":true,"href":"http:\/\/www.berlin-suedwest.de\/breslauer-platz\/index.php?rest_route=\/wp\/v2\/users\/1"}],"replies":[{"embeddable":true,"href":"http:\/\/www.berlin-suedwest.de\/breslauer-platz\/index.php?rest_route=%2Fwp%2Fv2%2Fcomments&post=1668"}],"version-history":[{"count":1,"href":"http:\/\/www.berlin-suedwest.de\/breslauer-platz\/index.php?rest_route=\/wp\/v2\/posts\/1668\/revisions"}],"predecessor-version":[{"id":1670,"href":"http:\/\/www.berlin-suedwest.de\/breslauer-platz\/index.php?rest_route=\/wp\/v2\/posts\/1668\/revisions\/1670"}],"wp:attachment":[{"href":"http:\/\/www.berlin-suedwest.de\/breslauer-platz\/index.php?rest_route=%2Fwp%2Fv2%2Fmedia&parent=1668"}],"wp:term":[{"taxonomy":"category","embeddable":true,"href":"http:\/\/www.berlin-suedwest.de\/breslauer-platz\/index.php?rest_route=%2Fwp%2Fv2%2Fcategories&post=1668"},{"taxonomy":"post_tag","embeddable":true,"href":"http:\/\/www.berlin-suedwest.de\/breslauer-platz\/index.php?rest_route=%2Fwp%2Fv2%2Ftags&post=1668"}],"curies":[{"name":"wp","href":"https:\/\/api.w.org\/{rel}","templated":true}]}}