{"id":1641,"date":"2017-11-25T15:49:18","date_gmt":"2017-11-25T14:49:18","guid":{"rendered":"http:\/\/www.berlin-suedwest.de\/breslauer-platz\/?p=1641"},"modified":"2017-11-25T15:49:18","modified_gmt":"2017-11-25T14:49:18","slug":"neues-zum-platz-vom-bezirksamt-2","status":"publish","type":"post","link":"http:\/\/www.berlin-suedwest.de\/breslauer-platz\/?p=1641","title":{"rendered":"Neues zum Platz vom Bezirksamt 2"},"content":{"rendered":"<p><a href=\"http:\/\/www.berlin-suedwest.de\/breslauer-platz\/wp-content\/uploads\/2017\/11\/bp.jpg\"><img loading=\"lazy\" decoding=\"async\" class=\"alignnone size-full wp-image-1642\" src=\"http:\/\/www.berlin-suedwest.de\/breslauer-platz\/wp-content\/uploads\/2017\/11\/bp.jpg\" alt=\"\" width=\"800\" height=\"600\" srcset=\"http:\/\/www.berlin-suedwest.de\/breslauer-platz\/wp-content\/uploads\/2017\/11\/bp.jpg 800w, http:\/\/www.berlin-suedwest.de\/breslauer-platz\/wp-content\/uploads\/2017\/11\/bp-300x225.jpg 300w, http:\/\/www.berlin-suedwest.de\/breslauer-platz\/wp-content\/uploads\/2017\/11\/bp-768x576.jpg 768w\" sizes=\"auto, (max-width: 800px) 100vw, 800px\" \/><\/a><\/p>\n<p>Auf eine Gro\u00dfe Anfrage von R. Frede in der BVV hin gab es eine irritierende Erwiderung von Stadtr\u00e4tin Christiane Hei\u00df (GR\u00dcNE) zum Stand der \u201eEntziehung der Lauterstra\u00dfe\u201c.<\/p>\n<p>Die Absicht zur Entziehung hatte das Bezirksamt bereits Juli 2016 im Amtsblatt \u00f6ffentlich angek\u00fcndigt. Evtl. Einwendungen hiergegen mu\u00dften bis Ende Juli vorliegen. Zum September 2016 sollte die BI hiernach n\u00e4here Information und dann Ergebnis einer \u201eAbw\u00e4gungen\u201c vom Bezirksamt erhalten.<br \/>\n<!--more-->Da an die Initiative keine Informationen einkamen, wurde Ende M\u00e4rz 2017 ein Gespr\u00e4ch mit Stadtr\u00e4tin Hei\u00df gef\u00fchrt, wonach die Abw\u00e4gung noch immer nicht erfolgt war. Vielmehr seien weitere Begr\u00fcndungen notwendig: F\u00dcR eine FUSSG\u00c4NGERZONE &#8211; anstatt der 2015 infolge \u201eBaustop\u201c nur provisorisch eingerichteten SPIELSTRASSE.<br \/>\nDiese Begr\u00fcndungen hat die Initiative daraufhin nochmals formuliert, so dass dies nochmals in der BVV vor der Sommerpause 2017 zum Beschlu\u00df kam. Dass dem BVV-Beschlu\u00df vermeintlich diese Begr\u00fcndung fehlte, ist jetzt ausger\u00e4umt und Christiane Hei\u00df versicherte, dass sie \u201edie Knoten der Planungsgeschichte l\u00f6sen wolle\u201c, die Entziehung kommen werde, dass sie jedoch dazu noch die Rechtslage durch eine offizielle, polizeiliche Verkehrsbeobachtung \u201ebesser\u201c absichern m\u00fcsse. Das sei der n\u00e4chste und dann abschlie\u00dfende Schritt !<br \/>\nFragt sich, warum der offenkundige Erkenntnis der durch Schnell-Durchfahrer und Falschparker gef\u00e4hrlichen Verkehrssituation nicht schon genug Beleg ist. Und fragt sich, welches durch die visuelle Anwesenheit einer gr\u00f6\u00dferen Polizei\u00fcberwachung wohl v\u00f6llig gez\u00e4hmtes Verkehrsverhalten auf dem Platz dann noch dokumentiert werden kann ?<\/p>\n","protected":false},"excerpt":{"rendered":"<p>Auf eine Gro\u00dfe Anfrage von R. Frede in der BVV hin gab es eine irritierende Erwiderung von Stadtr\u00e4tin Christiane Hei\u00df (GR\u00dcNE) zum Stand der \u201eEntziehung der Lauterstra\u00dfe\u201c. Die Absicht zur Entziehung hatte das Bezirksamt bereits Juli 2016 im Amtsblatt \u00f6ffentlich &hellip; <a href=\"http:\/\/www.berlin-suedwest.de\/breslauer-platz\/?p=1641\">Weiterlesen <span class=\"meta-nav\">&rarr;<\/span><\/a><\/p>\n","protected":false},"author":1,"featured_media":0,"comment_status":"closed","ping_status":"closed","sticky":false,"template":"","format":"standard","meta":{"footnotes":""},"categories":[1],"tags":[],"class_list":["post-1641","post","type-post","status-publish","format-standard","hentry","category-allgemein"],"_links":{"self":[{"href":"http:\/\/www.berlin-suedwest.de\/breslauer-platz\/index.php?rest_route=\/wp\/v2\/posts\/1641","targetHints":{"allow":["GET"]}}],"collection":[{"href":"http:\/\/www.berlin-suedwest.de\/breslauer-platz\/index.php?rest_route=\/wp\/v2\/posts"}],"about":[{"href":"http:\/\/www.berlin-suedwest.de\/breslauer-platz\/index.php?rest_route=\/wp\/v2\/types\/post"}],"author":[{"embeddable":true,"href":"http:\/\/www.berlin-suedwest.de\/breslauer-platz\/index.php?rest_route=\/wp\/v2\/users\/1"}],"replies":[{"embeddable":true,"href":"http:\/\/www.berlin-suedwest.de\/breslauer-platz\/index.php?rest_route=%2Fwp%2Fv2%2Fcomments&post=1641"}],"version-history":[{"count":1,"href":"http:\/\/www.berlin-suedwest.de\/breslauer-platz\/index.php?rest_route=\/wp\/v2\/posts\/1641\/revisions"}],"predecessor-version":[{"id":1643,"href":"http:\/\/www.berlin-suedwest.de\/breslauer-platz\/index.php?rest_route=\/wp\/v2\/posts\/1641\/revisions\/1643"}],"wp:attachment":[{"href":"http:\/\/www.berlin-suedwest.de\/breslauer-platz\/index.php?rest_route=%2Fwp%2Fv2%2Fmedia&parent=1641"}],"wp:term":[{"taxonomy":"category","embeddable":true,"href":"http:\/\/www.berlin-suedwest.de\/breslauer-platz\/index.php?rest_route=%2Fwp%2Fv2%2Fcategories&post=1641"},{"taxonomy":"post_tag","embeddable":true,"href":"http:\/\/www.berlin-suedwest.de\/breslauer-platz\/index.php?rest_route=%2Fwp%2Fv2%2Ftags&post=1641"}],"curies":[{"name":"wp","href":"https:\/\/api.w.org\/{rel}","templated":true}]}}