{"id":1601,"date":"2017-02-17T19:06:37","date_gmt":"2017-02-17T18:06:37","guid":{"rendered":"http:\/\/www.berlin-suedwest.de\/breslauer-platz\/?p=1601"},"modified":"2017-02-17T19:06:37","modified_gmt":"2017-02-17T18:06:37","slug":"stolpersteinverlegung-auf-dem-perelsplatz","status":"publish","type":"post","link":"http:\/\/www.berlin-suedwest.de\/breslauer-platz\/?p=1601","title":{"rendered":"Stolpersteinverlegung auf dem Perelsplatz"},"content":{"rendered":"<p><a href=\"http:\/\/www.berlin-suedwest.de\/breslauer-platz\/wp-content\/uploads\/2017\/02\/stolper3.jpg\"><img loading=\"lazy\" decoding=\"async\" class=\"alignnone wp-image-1602 size-full\" src=\"http:\/\/www.berlin-suedwest.de\/breslauer-platz\/wp-content\/uploads\/2017\/02\/stolper3.jpg\" width=\"800\" height=\"505\" srcset=\"http:\/\/www.berlin-suedwest.de\/breslauer-platz\/wp-content\/uploads\/2017\/02\/stolper3.jpg 800w, http:\/\/www.berlin-suedwest.de\/breslauer-platz\/wp-content\/uploads\/2017\/02\/stolper3-300x189.jpg 300w, http:\/\/www.berlin-suedwest.de\/breslauer-platz\/wp-content\/uploads\/2017\/02\/stolper3-768x485.jpg 768w\" sizes=\"auto, (max-width: 800px) 100vw, 800px\" \/><\/a><\/p>\n<table>\n<tbody>\n<tr>\n<td>Termin:<\/td>\n<td>Dienstag, 21. M\u00e4rz 2017 \u00a009:15 bis 10:30 Uhr<\/td>\n<\/tr>\n<tr>\n<td>Ort:<\/td>\n<td>Perelsplatz 10 in Friedenau<\/td>\n<\/tr>\n<tr>\n<td>Veranstalter:<\/td>\n<td>Stolpersteininitiative Stierstra\u00dfe<\/td>\n<\/tr>\n<\/tbody>\n<\/table>\n<p class=\"bodytext\">Mit Sch\u00fclerinnen und Sch\u00fclern der Friedrich-Bergius-Schule und der Bezirksb\u00fcrgermeisterin Angelika Sch\u00f6ttler.<!--more--><\/p>\n<p class=\"bodytext\">Die Steine werden verlegt f\u00fcr:<\/p>\n<p class=\"bodytext\">Perelsplatz 10 (fr\u00fcher Maybachplatz 10), 21.3.2017, 9.15 Uhr<br \/>\n<b>Stolperstein f\u00fcr Marie Rabinowicz<\/b><br \/>\nMarie Rabinowicz wurde am 15. 6. 1875 in Posen geboren. Sie war Portraitmalerin, unverheiratet und lebte seit Oktober 1917 am Maybachplatz 10.<br \/>\nIn den Volksz\u00e4hlungsunterlagen vom Mai 1939 ist sie als Hauptmieterin eingetragen, in den Unterlagen des BLHA (Brandenburgisches Landeshauptarchiv) in Potsdam als Untermieterin bei Griep, vorne, 4.Gescho\u00df.<br \/>\nDie j\u00fcdischen Hauseigent\u00fcmer Herbert und Hildegard Stein hatten sich in den 30 er Jahren in die USA retten k\u00f6nnen. Danach wurde das Haus &#8222;arisiert&#8220;. Es ist anzunehmen, da\u00df Marie Rabinowicz als J\u00fcdin nach 1939 ihren Mieterschutz verlor und nur noch als Untermieterin verbleiben konnte.<br \/>\nMarie Rabinowicz wurde am 8.7.1942 nach Theresienstadt deportiert und am 19.9.1942 in Treblinka ermordet.<\/p>\n<p>Perelsplatz 15 (fr\u00fcher Maybachplatz 15) 21.3.2017 9.30 Uhr<br \/>\n<b>Stolpersteine f\u00fcr Moritz und Rosalie Pfeil sowie Magda Ascher<\/b>:<br \/>\nMoritz Pfeil wurde am 7.12.1867 in Sucha Gora (Teckenberg) in Polen geboren und wohnte in Berlin-Friedenau, Maybachplatz 15 zusammen mit seiner Frau Rosalie Charlotte Pfeil, geb.Freund, geb. am 25.12.1882 in Landeshut\/Schlesien und dem gemeinsamen Sohn Heinrich, geb. am 3.10.1920 in Berlin.<br \/>\nMoritz Pfeil war Buchh\u00e4ndler und betrieb in seiner Wohnung einen Versandbuchhandlung f\u00fcr Kunst- und Kunstgewerbe.<br \/>\nRosalie Pfeil war Englischlehrerin.<br \/>\n1938 mu\u00dfte Moritz Pfeil auf Anordnung der Nazi-Beh\u00f6rden den Buchhandel aufl\u00f6sen.<br \/>\nDer Sohn Heinrich konnte im Fr\u00fchjahr 1939 im Alter von 19 Jahren nach Schottland fliehen. Dort \u00e4nderte er seinen Namen in Henry Pheil um, \u00fcbte sp\u00e4ter den Beruf des Ingenieurs aus und heiratete Betti Goldschal, geb. 1921. Aus der Ehe ging Rose Deborah Smith, geb. Pheil hervor. Von Glasgow aus stellte Henry Pheil in den 50 er Jahren bei den Berliner Wiedergutmachungsbeh\u00f6rden den Antrag auf R\u00fcckerstattung des geraubten Besitzes seiner Eltern. Das Restitutionsverfahren zog sich \u00fcber viele Jahre hin und aus den Dokumenten im Landesarchiv Berlin l\u00e4\u00dft sich der Geist, der in den 50er und 60er Jahren in den Berliner Beh\u00f6rden herrschte, mit Bedr\u00fcckung ablesen.<br \/>\nHenry Pheil verstarb am 9.8.1984 in Glasgow, Betti Pheil im Jahr 2001.<br \/>\nBislang ist es nicht m\u00f6glich gewesen, mit der Tochter Rose Deborah Kontakt aufzunehmen. Die Stolpersteininitiativ steht aber in Kontakt mit B\u00fcrger\u00e4mtern in Glasgow, um sie zu finden und zur Stolpersteinverlegung einzuladen.<br \/>\nMoritz und Rosalie Pfeil wurden am 18. Oktober 1941 nach Lodz deportiert und am 8. Mai 1942 in Kulmhof ermordet.<\/p>\n<p>Magda Ascher wurde am 3.2.1887 in Glatz\/Schlesien geboren und wohnte Maybachplatz 15.<br \/>\nIn den Unterlagen des Bundesarchivs zur Volksz\u00e4hlung vom Mai 1939 und in einer Karteikarte des BLHA Potsdam ist sie mit im Haushalt des Ehepaares Moritz und Rosalie Pfeil gemeldet. Weitere Einzelheiten \u00fcber sie haben wir nicht herausfinden k\u00f6nnen, da es in den Archiven fast keine Akten \u00fcber sie gibt.<br \/>\nMagda Ascher wurde mit dem selben Transport wie das Ehepaar Pfeil am 18.10.1941 nach Lodz\/Litzmannstadt und laut Gedenkbuch des Ghettos auch mit ihnen 1942 ins Vernichtungslager Kulmhof deportiert und am 8.5.1942 ermordet.<\/p>\n","protected":false},"excerpt":{"rendered":"<p>Termin: Dienstag, 21. M\u00e4rz 2017 \u00a009:15 bis 10:30 Uhr Ort: Perelsplatz 10 in Friedenau Veranstalter: Stolpersteininitiative Stierstra\u00dfe Mit Sch\u00fclerinnen und Sch\u00fclern der Friedrich-Bergius-Schule und der Bezirksb\u00fcrgermeisterin Angelika Sch\u00f6ttler.<\/p>\n","protected":false},"author":1,"featured_media":0,"comment_status":"closed","ping_status":"closed","sticky":false,"template":"","format":"standard","meta":{"footnotes":""},"categories":[1],"tags":[],"class_list":["post-1601","post","type-post","status-publish","format-standard","hentry","category-allgemein"],"_links":{"self":[{"href":"http:\/\/www.berlin-suedwest.de\/breslauer-platz\/index.php?rest_route=\/wp\/v2\/posts\/1601","targetHints":{"allow":["GET"]}}],"collection":[{"href":"http:\/\/www.berlin-suedwest.de\/breslauer-platz\/index.php?rest_route=\/wp\/v2\/posts"}],"about":[{"href":"http:\/\/www.berlin-suedwest.de\/breslauer-platz\/index.php?rest_route=\/wp\/v2\/types\/post"}],"author":[{"embeddable":true,"href":"http:\/\/www.berlin-suedwest.de\/breslauer-platz\/index.php?rest_route=\/wp\/v2\/users\/1"}],"replies":[{"embeddable":true,"href":"http:\/\/www.berlin-suedwest.de\/breslauer-platz\/index.php?rest_route=%2Fwp%2Fv2%2Fcomments&post=1601"}],"version-history":[{"count":1,"href":"http:\/\/www.berlin-suedwest.de\/breslauer-platz\/index.php?rest_route=\/wp\/v2\/posts\/1601\/revisions"}],"predecessor-version":[{"id":1603,"href":"http:\/\/www.berlin-suedwest.de\/breslauer-platz\/index.php?rest_route=\/wp\/v2\/posts\/1601\/revisions\/1603"}],"wp:attachment":[{"href":"http:\/\/www.berlin-suedwest.de\/breslauer-platz\/index.php?rest_route=%2Fwp%2Fv2%2Fmedia&parent=1601"}],"wp:term":[{"taxonomy":"category","embeddable":true,"href":"http:\/\/www.berlin-suedwest.de\/breslauer-platz\/index.php?rest_route=%2Fwp%2Fv2%2Fcategories&post=1601"},{"taxonomy":"post_tag","embeddable":true,"href":"http:\/\/www.berlin-suedwest.de\/breslauer-platz\/index.php?rest_route=%2Fwp%2Fv2%2Ftags&post=1601"}],"curies":[{"name":"wp","href":"https:\/\/api.w.org\/{rel}","templated":true}]}}