{"id":1525,"date":"2017-01-29T19:33:10","date_gmt":"2017-01-29T18:33:10","guid":{"rendered":"http:\/\/www.berlin-suedwest.de\/breslauer-platz\/?p=1525"},"modified":"2017-01-29T19:36:37","modified_gmt":"2017-01-29T18:36:37","slug":"baubeginn-am-gueterbahnhof","status":"publish","type":"post","link":"http:\/\/www.berlin-suedwest.de\/breslauer-platz\/?p=1525","title":{"rendered":"Baubeginn am G\u00fcterbahnhof"},"content":{"rendered":"<div id='gallery-1' class='gallery galleryid-1525 gallery-columns-3 gallery-size-thumbnail'><dl class='gallery-item'>\n\t\t\t<dt class='gallery-icon landscape'>\n\t\t\t\t<a href='http:\/\/www.berlin-suedwest.de\/breslauer-platz\/wp-content\/uploads\/2017\/01\/IMG_0899.jpg'><img loading=\"lazy\" decoding=\"async\" width=\"150\" height=\"150\" src=\"http:\/\/www.berlin-suedwest.de\/breslauer-platz\/wp-content\/uploads\/2017\/01\/IMG_0899-150x150.jpg\" class=\"attachment-thumbnail size-thumbnail\" alt=\"\" aria-describedby=\"gallery-1-1526\" \/><\/a>\n\t\t\t<\/dt>\n\t\t\t\t<dd class='wp-caption-text gallery-caption' id='gallery-1-1526'>\n\t\t\t\tFoto: Gregor Mann\n\t\t\t\t<\/dd><\/dl><dl class='gallery-item'>\n\t\t\t<dt class='gallery-icon landscape'>\n\t\t\t\t<a href='http:\/\/www.berlin-suedwest.de\/breslauer-platz\/wp-content\/uploads\/2017\/01\/IMG_0859.jpg'><img loading=\"lazy\" decoding=\"async\" width=\"150\" height=\"150\" src=\"http:\/\/www.berlin-suedwest.de\/breslauer-platz\/wp-content\/uploads\/2017\/01\/IMG_0859-150x150.jpg\" class=\"attachment-thumbnail size-thumbnail\" alt=\"\" aria-describedby=\"gallery-1-1527\" \/><\/a>\n\t\t\t<\/dt>\n\t\t\t\t<dd class='wp-caption-text gallery-caption' id='gallery-1-1527'>\n\t\t\t\tFoto: Gregor Mann\n\t\t\t\t<\/dd><\/dl><dl class='gallery-item'>\n\t\t\t<dt class='gallery-icon landscape'>\n\t\t\t\t<a href='http:\/\/www.berlin-suedwest.de\/breslauer-platz\/wp-content\/uploads\/2017\/01\/IMG_0871.jpg'><img loading=\"lazy\" decoding=\"async\" width=\"150\" height=\"150\" src=\"http:\/\/www.berlin-suedwest.de\/breslauer-platz\/wp-content\/uploads\/2017\/01\/IMG_0871-150x150.jpg\" class=\"attachment-thumbnail size-thumbnail\" alt=\"\" aria-describedby=\"gallery-1-1528\" \/><\/a>\n\t\t\t<\/dt>\n\t\t\t\t<dd class='wp-caption-text gallery-caption' id='gallery-1-1528'>\n\t\t\t\tFoto: Gregor Mann\n\t\t\t\t<\/dd><\/dl><br style=\"clear: both\" \/><dl class='gallery-item'>\n\t\t\t<dt class='gallery-icon landscape'>\n\t\t\t\t<a href='http:\/\/www.berlin-suedwest.de\/breslauer-platz\/wp-content\/uploads\/2017\/01\/IMG_0876.jpg'><img loading=\"lazy\" decoding=\"async\" width=\"150\" height=\"150\" src=\"http:\/\/www.berlin-suedwest.de\/breslauer-platz\/wp-content\/uploads\/2017\/01\/IMG_0876-150x150.jpg\" class=\"attachment-thumbnail size-thumbnail\" alt=\"\" aria-describedby=\"gallery-1-1529\" \/><\/a>\n\t\t\t<\/dt>\n\t\t\t\t<dd class='wp-caption-text gallery-caption' id='gallery-1-1529'>\n\t\t\t\tFoto: Gregor Mann\n\t\t\t\t<\/dd><\/dl><dl class='gallery-item'>\n\t\t\t<dt class='gallery-icon landscape'>\n\t\t\t\t<a href='http:\/\/www.berlin-suedwest.de\/breslauer-platz\/wp-content\/uploads\/2017\/01\/IMG_0895.jpg'><img loading=\"lazy\" decoding=\"async\" width=\"150\" height=\"150\" src=\"http:\/\/www.berlin-suedwest.de\/breslauer-platz\/wp-content\/uploads\/2017\/01\/IMG_0895-150x150.jpg\" class=\"attachment-thumbnail size-thumbnail\" alt=\"\" aria-describedby=\"gallery-1-1530\" \/><\/a>\n\t\t\t<\/dt>\n\t\t\t\t<dd class='wp-caption-text gallery-caption' id='gallery-1-1530'>\n\t\t\t\tFoto: Gregor Mann\n\t\t\t\t<\/dd><\/dl>\n\t\t\t<br style='clear: both' \/>\n\t\t<\/div>\n\n<p><span style=\"font-size: medium;\">Auch wenn es kalt ist und schneit \u2013 der Fortschritt ist unaufhaltsam. Und mit den technischen Hilfsmitteln unserer Zeit ist er zudem effektiv. Wie angek\u00fcndigt, r\u00fcckte Anfang Januar ein mit Motors\u00e4gen ausger\u00fcsteter Trupp Gartenbauarbeiter auf das Gel\u00e4nde des ehemaligen G\u00fcterbahnhofs Wilmersdorf vor und er\u00f6ffnete den Reigen der vorbereitenden Bauma\u00dfnahmen dort mit dem F\u00e4llen der B\u00e4ume an der B\u00f6schung zur Bennigsenstra\u00dfe und am Bahndamm bis runter zur Einm\u00fcndung des Verbindungsweges an der Hauptstra\u00dfe. Dort sieht die Planung zur Bew\u00e4ltigung des zuk\u00fcnftigen Verkehrsaufkommens die Schaffung einer Kreuzung mit Haupt- und Rubensstra\u00dfe vor, weswegen die jetzige Einfahrt s\u00fcdlich verschoben werden muss. Deswegen mussten auch dort vier B\u00e4ume gef\u00e4llt werden. Die gef\u00e4llten B\u00e4ume wurden an Ort und Stelle auf mitgef\u00fchrten Selbstfahrlafetten geschreddert und komplett verschlungen. Nach dem notwendigen Bodenaustausch soll dann wieder aufgeforstet werden.<\/span><!--more--><\/p>\n<p><span style=\"font-size: medium;\">Die Bauvorbereitung ging aber gleichzeitig noch an einer anderen Stelle los: Im B\u00fcrotrakt des ehemaligen G\u00fcterabfertigungsgeb\u00e4udes wurden im Wege der M\u00fclltrennung mithilfe von Schneidbrennern, Trennhexen und \u00c4xten all jene Teile der Ausstattung herausgel\u00f6st und in drei vor dem Geb\u00e4ude abgestellte Container hinein sortiert, deren Substanz nicht aus Stein und Zement besteht. Das Gel\u00e4nde ist bereits eingez\u00e4unt, sodass damit zu rechnen ist, dass in einem n\u00e4chsten Schritt auch die gesamte \u00fcbrige Geb\u00e4uderuine verschwinden wird. Wer den \u00fcber die kommenden Jahre sich hinziehenden Baufortschritt beobachten will, kann daf\u00fcr die Internetseite der BI Breslauer Platz nutzen. Dort wird das Entstehen der neuen \u201eFriedenauer H\u00f6he\u201c in Schrift und Bild dokumentiert.<\/span><\/p>\n<p>Ottmar Fischer<\/p>\n","protected":false},"excerpt":{"rendered":"<p>Auch wenn es kalt ist und schneit \u2013 der Fortschritt ist unaufhaltsam. Und mit den technischen Hilfsmitteln unserer Zeit ist er zudem effektiv. Wie angek\u00fcndigt, r\u00fcckte Anfang Januar ein mit Motors\u00e4gen ausger\u00fcsteter Trupp Gartenbauarbeiter auf das Gel\u00e4nde des ehemaligen G\u00fcterbahnhofs &hellip; <a href=\"http:\/\/www.berlin-suedwest.de\/breslauer-platz\/?p=1525\">Weiterlesen <span class=\"meta-nav\">&rarr;<\/span><\/a><\/p>\n","protected":false},"author":1,"featured_media":0,"comment_status":"closed","ping_status":"closed","sticky":false,"template":"","format":"standard","meta":{"footnotes":""},"categories":[4],"tags":[],"class_list":["post-1525","post","type-post","status-publish","format-standard","hentry","category-gueterbahnhof"],"_links":{"self":[{"href":"http:\/\/www.berlin-suedwest.de\/breslauer-platz\/index.php?rest_route=\/wp\/v2\/posts\/1525","targetHints":{"allow":["GET"]}}],"collection":[{"href":"http:\/\/www.berlin-suedwest.de\/breslauer-platz\/index.php?rest_route=\/wp\/v2\/posts"}],"about":[{"href":"http:\/\/www.berlin-suedwest.de\/breslauer-platz\/index.php?rest_route=\/wp\/v2\/types\/post"}],"author":[{"embeddable":true,"href":"http:\/\/www.berlin-suedwest.de\/breslauer-platz\/index.php?rest_route=\/wp\/v2\/users\/1"}],"replies":[{"embeddable":true,"href":"http:\/\/www.berlin-suedwest.de\/breslauer-platz\/index.php?rest_route=%2Fwp%2Fv2%2Fcomments&post=1525"}],"version-history":[{"count":1,"href":"http:\/\/www.berlin-suedwest.de\/breslauer-platz\/index.php?rest_route=\/wp\/v2\/posts\/1525\/revisions"}],"predecessor-version":[{"id":1531,"href":"http:\/\/www.berlin-suedwest.de\/breslauer-platz\/index.php?rest_route=\/wp\/v2\/posts\/1525\/revisions\/1531"}],"wp:attachment":[{"href":"http:\/\/www.berlin-suedwest.de\/breslauer-platz\/index.php?rest_route=%2Fwp%2Fv2%2Fmedia&parent=1525"}],"wp:term":[{"taxonomy":"category","embeddable":true,"href":"http:\/\/www.berlin-suedwest.de\/breslauer-platz\/index.php?rest_route=%2Fwp%2Fv2%2Fcategories&post=1525"},{"taxonomy":"post_tag","embeddable":true,"href":"http:\/\/www.berlin-suedwest.de\/breslauer-platz\/index.php?rest_route=%2Fwp%2Fv2%2Ftags&post=1525"}],"curies":[{"name":"wp","href":"https:\/\/api.w.org\/{rel}","templated":true}]}}