{"id":1468,"date":"2015-07-24T20:43:09","date_gmt":"2015-07-24T18:43:09","guid":{"rendered":"http:\/\/www.berlin-suedwest.de\/breslauer-platz\/?p=1468"},"modified":"2015-07-24T20:48:48","modified_gmt":"2015-07-24T18:48:48","slug":"der-graue-platz-wird-gruen","status":"publish","type":"post","link":"http:\/\/www.berlin-suedwest.de\/breslauer-platz\/?p=1468","title":{"rendered":"Der graue Platz wird gr\u00fcn"},"content":{"rendered":"<div id='gallery-1' class='gallery galleryid-1468 gallery-columns-3 gallery-size-thumbnail'><dl class='gallery-item'>\n\t\t\t<dt class='gallery-icon landscape'>\n\t\t\t\t<a href='http:\/\/www.berlin-suedwest.de\/breslauer-platz\/?attachment_id=1470'><img loading=\"lazy\" decoding=\"async\" width=\"150\" height=\"150\" src=\"http:\/\/www.berlin-suedwest.de\/breslauer-platz\/wp-content\/uploads\/2015\/07\/p20150722-BreslauerPl-021-150x150.jpg\" class=\"attachment-thumbnail size-thumbnail\" alt=\"\" \/><\/a>\n\t\t\t<\/dt><\/dl><dl class='gallery-item'>\n\t\t\t<dt class='gallery-icon landscape'>\n\t\t\t\t<a href='http:\/\/www.berlin-suedwest.de\/breslauer-platz\/?attachment_id=1471'><img loading=\"lazy\" decoding=\"async\" width=\"150\" height=\"150\" src=\"http:\/\/www.berlin-suedwest.de\/breslauer-platz\/wp-content\/uploads\/2015\/07\/p20150722-BreslauerPl-023-150x150.jpg\" class=\"attachment-thumbnail size-thumbnail\" alt=\"\" \/><\/a>\n\t\t\t<\/dt><\/dl><dl class='gallery-item'>\n\t\t\t<dt class='gallery-icon landscape'>\n\t\t\t\t<a href='http:\/\/www.berlin-suedwest.de\/breslauer-platz\/?attachment_id=1472'><img loading=\"lazy\" decoding=\"async\" width=\"150\" height=\"150\" src=\"http:\/\/www.berlin-suedwest.de\/breslauer-platz\/wp-content\/uploads\/2015\/07\/p20150722-BreslauerPl-036-150x150.jpg\" class=\"attachment-thumbnail size-thumbnail\" alt=\"\" \/><\/a>\n\t\t\t<\/dt><\/dl><br style=\"clear: both\" \/><dl class='gallery-item'>\n\t\t\t<dt class='gallery-icon landscape'>\n\t\t\t\t<a href='http:\/\/www.berlin-suedwest.de\/breslauer-platz\/?attachment_id=1473'><img loading=\"lazy\" decoding=\"async\" width=\"150\" height=\"150\" src=\"http:\/\/www.berlin-suedwest.de\/breslauer-platz\/wp-content\/uploads\/2015\/07\/p20150722-BreslauerPl-038-150x150.jpg\" class=\"attachment-thumbnail size-thumbnail\" alt=\"\" \/><\/a>\n\t\t\t<\/dt><\/dl><dl class='gallery-item'>\n\t\t\t<dt class='gallery-icon landscape'>\n\t\t\t\t<a href='http:\/\/www.berlin-suedwest.de\/breslauer-platz\/?attachment_id=1474'><img loading=\"lazy\" decoding=\"async\" width=\"150\" height=\"150\" src=\"http:\/\/www.berlin-suedwest.de\/breslauer-platz\/wp-content\/uploads\/2015\/07\/p20150722-BreslauerPl-039-150x150.jpg\" class=\"attachment-thumbnail size-thumbnail\" alt=\"\" \/><\/a>\n\t\t\t<\/dt><\/dl><dl class='gallery-item'>\n\t\t\t<dt class='gallery-icon landscape'>\n\t\t\t\t<a href='http:\/\/www.berlin-suedwest.de\/breslauer-platz\/?attachment_id=1475'><img loading=\"lazy\" decoding=\"async\" width=\"150\" height=\"150\" src=\"http:\/\/www.berlin-suedwest.de\/breslauer-platz\/wp-content\/uploads\/2015\/07\/p20150722-BreslauerPl-040-150x150.jpg\" class=\"attachment-thumbnail size-thumbnail\" alt=\"\" \/><\/a>\n\t\t\t<\/dt><\/dl><br style=\"clear: both\" \/><dl class='gallery-item'>\n\t\t\t<dt class='gallery-icon landscape'>\n\t\t\t\t<a href='http:\/\/www.berlin-suedwest.de\/breslauer-platz\/?attachment_id=1477'><img loading=\"lazy\" decoding=\"async\" width=\"150\" height=\"150\" src=\"http:\/\/www.berlin-suedwest.de\/breslauer-platz\/wp-content\/uploads\/2015\/07\/p20150722-BreslauerPl-043-150x150.jpg\" class=\"attachment-thumbnail size-thumbnail\" alt=\"\" \/><\/a>\n\t\t\t<\/dt><\/dl><dl class='gallery-item'>\n\t\t\t<dt class='gallery-icon landscape'>\n\t\t\t\t<a href='http:\/\/www.berlin-suedwest.de\/breslauer-platz\/?attachment_id=1469'><img loading=\"lazy\" decoding=\"async\" width=\"150\" height=\"150\" src=\"http:\/\/www.berlin-suedwest.de\/breslauer-platz\/wp-content\/uploads\/2015\/07\/p20150722-BreslauerPl-047-150x150.jpg\" class=\"attachment-thumbnail size-thumbnail\" alt=\"\" \/><\/a>\n\t\t\t<\/dt><\/dl><dl class='gallery-item'>\n\t\t\t<dt class='gallery-icon landscape'>\n\t\t\t\t<a href='http:\/\/www.berlin-suedwest.de\/breslauer-platz\/?attachment_id=1479'><img loading=\"lazy\" decoding=\"async\" width=\"150\" height=\"150\" src=\"http:\/\/www.berlin-suedwest.de\/breslauer-platz\/wp-content\/uploads\/2015\/07\/p20150722-BreslauerPl-046-150x150.jpg\" class=\"attachment-thumbnail size-thumbnail\" alt=\"\" \/><\/a>\n\t\t\t<\/dt><\/dl><br style=\"clear: both\" \/>\n\t\t<\/div>\n\n<p>Am Mittwoch, 22.7., erschienen um 8 Uhr zwei Mitarbeiter der G\u00e4rtnerei Pluta aus der Dahlemer K\u00f6nigin-Luise-Stra\u00dfe auf dem Breslauer Platz und luden aus ihrem Transporter aus, worauf alle Naturfreunde schon lange gewartet hatten: Pflanztr\u00f6ge und Erden, Drainagen und gedrahtete Pflanzensicherungen.<\/p>\n<p>Unter den staunenden Augen von Mitgliedern der BI Breslauer Platz und von Platzbesuchern entstand in wenigen Stunden an der Pavillon-Sitzgruppe ein g\u00e4rtnerisches Kunstwerk, das seitdem die Herzen der Menschen und der Hummeln erfreut: Unter dem Schirm von Lorbeerb\u00e4umchen decken rosa Rosen den Boden der Kunsth\u00fcgel, h\u00e4ngen Geranien an Stauden, strecken sich Fette Henne und lila Eisenkraut, und arbeitet der Sonnenhut geduldig an seinen Bl\u00fcten f\u00fcr den September.<\/p>\n<p>M\u00f6ge diesem Gru\u00df der Natur ein langes Leben beschieden sein, und m\u00f6ge ihm weitere Gartenkunst\u00a0 an der Platzgrenze zur Niedstra\u00dfe folgen, damit der noch graue Platz auch dort erbl\u00fche. Der von der Firma Pluta zur Verf\u00fcgung gestellte Wasserschlauch f\u00fcr die Bew\u00e4sserung reicht jedenfalls bis zur Platzgrenze, wie die Aktivisten aus der B\u00fcrgerschaft bei der Erstbew\u00e4sserung festgestellt haben.<\/p>\n","protected":false},"excerpt":{"rendered":"<p>Am Mittwoch, 22.7., erschienen um 8 Uhr zwei Mitarbeiter der G\u00e4rtnerei Pluta aus der Dahlemer K\u00f6nigin-Luise-Stra\u00dfe auf dem Breslauer Platz und luden aus ihrem Transporter aus, worauf alle Naturfreunde schon lange gewartet hatten: Pflanztr\u00f6ge und Erden, Drainagen und gedrahtete Pflanzensicherungen. &hellip; <a href=\"http:\/\/www.berlin-suedwest.de\/breslauer-platz\/?p=1468\">Weiterlesen <span class=\"meta-nav\">&rarr;<\/span><\/a><\/p>\n","protected":false},"author":1,"featured_media":0,"comment_status":"closed","ping_status":"closed","sticky":false,"template":"","format":"standard","meta":{"footnotes":""},"categories":[1],"tags":[],"class_list":["post-1468","post","type-post","status-publish","format-standard","hentry","category-allgemein"],"_links":{"self":[{"href":"http:\/\/www.berlin-suedwest.de\/breslauer-platz\/index.php?rest_route=\/wp\/v2\/posts\/1468","targetHints":{"allow":["GET"]}}],"collection":[{"href":"http:\/\/www.berlin-suedwest.de\/breslauer-platz\/index.php?rest_route=\/wp\/v2\/posts"}],"about":[{"href":"http:\/\/www.berlin-suedwest.de\/breslauer-platz\/index.php?rest_route=\/wp\/v2\/types\/post"}],"author":[{"embeddable":true,"href":"http:\/\/www.berlin-suedwest.de\/breslauer-platz\/index.php?rest_route=\/wp\/v2\/users\/1"}],"replies":[{"embeddable":true,"href":"http:\/\/www.berlin-suedwest.de\/breslauer-platz\/index.php?rest_route=%2Fwp%2Fv2%2Fcomments&post=1468"}],"version-history":[{"count":3,"href":"http:\/\/www.berlin-suedwest.de\/breslauer-platz\/index.php?rest_route=\/wp\/v2\/posts\/1468\/revisions"}],"predecessor-version":[{"id":1482,"href":"http:\/\/www.berlin-suedwest.de\/breslauer-platz\/index.php?rest_route=\/wp\/v2\/posts\/1468\/revisions\/1482"}],"wp:attachment":[{"href":"http:\/\/www.berlin-suedwest.de\/breslauer-platz\/index.php?rest_route=%2Fwp%2Fv2%2Fmedia&parent=1468"}],"wp:term":[{"taxonomy":"category","embeddable":true,"href":"http:\/\/www.berlin-suedwest.de\/breslauer-platz\/index.php?rest_route=%2Fwp%2Fv2%2Fcategories&post=1468"},{"taxonomy":"post_tag","embeddable":true,"href":"http:\/\/www.berlin-suedwest.de\/breslauer-platz\/index.php?rest_route=%2Fwp%2Fv2%2Ftags&post=1468"}],"curies":[{"name":"wp","href":"https:\/\/api.w.org\/{rel}","templated":true}]}}