{"id":1453,"date":"2015-06-25T19:18:46","date_gmt":"2015-06-25T17:18:46","guid":{"rendered":"http:\/\/www.berlin-suedwest.de\/breslauer-platz\/?p=1453"},"modified":"2015-06-25T19:18:46","modified_gmt":"2015-06-25T17:18:46","slug":"liebe-unterstuetzer-und-nachbarn-des-breslauer-platzes","status":"publish","type":"post","link":"http:\/\/www.berlin-suedwest.de\/breslauer-platz\/?p=1453","title":{"rendered":"Liebe Unterst\u00fctzer und Nachbarn des Breslauer Platzes!"},"content":{"rendered":"<div id=\"attachment_1433\" style=\"width: 1034px\" class=\"wp-caption alignnone\"><a href=\"http:\/\/www.berlin-suedwest.de\/breslauer-platz\/wp-content\/uploads\/2015\/01\/baenke.jpg\"><img loading=\"lazy\" decoding=\"async\" aria-describedby=\"caption-attachment-1433\" class=\"size-full wp-image-1433\" src=\"http:\/\/www.berlin-suedwest.de\/breslauer-platz\/wp-content\/uploads\/2015\/01\/baenke.jpg\" alt=\"Bequeme B\u00e4nke auf dem Breslauer Platz. Foto: Thomas Protz\" width=\"1024\" height=\"768\" srcset=\"http:\/\/www.berlin-suedwest.de\/breslauer-platz\/wp-content\/uploads\/2015\/01\/baenke.jpg 1024w, http:\/\/www.berlin-suedwest.de\/breslauer-platz\/wp-content\/uploads\/2015\/01\/baenke-300x225.jpg 300w\" sizes=\"auto, (max-width: 1024px) 100vw, 1024px\" \/><\/a><p id=\"caption-attachment-1433\" class=\"wp-caption-text\">Bequeme B\u00e4nke auf dem Breslauer Platz. Foto: Thomas Protz<\/p><\/div>\n<p>Mit diesem Rundbrief Nr. 5 m\u00f6chten wir Sie auf den aktuellen Stand (Mai 2015)<br \/>\nbez\u00fcglich der Umgestaltung des Breslauer Platzes bringen:<br \/>\n(Im nachfolgenden Inhalt steht f\u00fcr Vertreter des Vereins \u201eInitiative Breslauer Platz e.V.\u201c stets \u201eBI\u201c)<\/p>\n<p>1. Sitzb\u00e4nke und Pflanzk\u00fcbel (Plantainer)<br \/>\n2. Markt<br \/>\n3. Gehweg und Platzbeleuchtung<br \/>\n4. Teilst\u00fcck Lauterstra\u00dfe<br \/>\n5. \u00d6ffentliche Toiletten<br \/>\n6. Brunnen<br \/>\n<!--more--><br \/>\n<strong>1. Sitzb\u00e4nke und Pflanzk\u00fcbel (Plantainer):<\/strong><\/p>\n<p>Die im April 2014 (!) von der BI ausgesuchten Sitzb\u00e4nke wurden\u00a0 &#8211; leider lange versp\u00e4tet &#8211; im Dezember vor dem Rathaus und auf der R\u00fcckseite des BVG-Pavillons aufgestellt. Au\u00dferdem wurden die Podeste der drei an die Lauterstra\u00dfe angrenzenden B\u00e4ume durch eine neue Holzlattung versch\u00f6nert.\u00a0\u00a0\u00a0 Die Eckbereiche des B\u00e4nke-Areals am Pavillon werden voraussichtlich bis Ende Mai mit gr\u00f6\u00dferen Plantainern (110x110cm)\u00a0 &#8211; geometrisch passend &#8211; erg\u00e4nzt und mit gr\u00f6\u00dferen Schmuckstr\u00e4uchern bepflanzt. Bis dahin wird hoffentlich die Installation einer dringend notwendigen Wasserentnahmestelle zum W\u00e4ssern der Pflanzen durch das Bezirksamt (BA) veranla\u00dft.<br \/>\nDas neugeschaffene B\u00e4nke-Areal wird die R\u00fcckseite des Pavillons attraktiver gestalten und k\u00f6nnte zus\u00e4tzlich von den ans\u00e4ssigen Caf\u00e9s, sowie B\u00e4ckereien gastronomisch genutzt werden, um dadurch zu einem Mittelpunkt der Fu\u00dfg\u00e4ngerzone auf dem gesamten Breslauer Platz zu werden. Die angestrebte neue Anordnung der Marktst\u00e4nde wird letztlich zu einer gr\u00f6\u00dferen Platz- und Wegequalit\u00e4t an den drei w\u00f6chentlichen Markttagen f\u00fchren.<\/p>\n<p>F\u00fcr die Pflanzungen am Pavillon \u00fcbernimmt das \u201eFriedenauer Netzwerk e. V.\u201c\u00a0 im Rahmen einer mit dem Bezirksamt abgeschlossenen Pflegevereinbarung die Pflege. Angebote zur Mithilfe (z.B. Gie\u00dfeins\u00e4tze) bei der Pflanzen-Betreuung werden von der BI (siehe Kontaktadresse) entgegengenommen und mit eventuellen Geldspenden an das \u201eFriedenauer Netzwerk e. V.\u201c weitergeleitet.<\/p>\n<p>Um ein \u201ewildes Beparken\u201c der Fu\u00dfg\u00e4ngerzone des Breslauer Platzes zu verhindern, wurde dem Bezirksamt von der BI vorgeschlagen, eine Barriere aus Fahrradb\u00fcgeln &#8211; verbunden mit weiteren Pflanzbeh\u00e4ltnissen &#8211; entlang der Niedstra\u00dfe vor dem Rathaus zu installieren.<\/p>\n<p><strong>2. Markt:<\/strong><\/p>\n<p>Eine neue Marktanordnung mit mehr Quergassen und einer gr\u00f6\u00dferen Wege-Transparenz f\u00fcr die Markth\u00e4ndler \u2013 unter Ber\u00fccksichtigung des neuen Mittelpunktes um den Pavillon &#8211;\u00a0 wurde wiederholt mit dem Bezirksamt \/ Ordnungsamt bzw. mit der Marktverwaltung er\u00f6rtert.<br \/>\nVereinbart wurde als Startzeitraum der Abschluss der Bauarbeiten in der Lauterstra\u00dfe in der die Einrichtung der Fu\u00dfg\u00e4ngerzone noch nicht vollendet werden konnte, weil das Bezirksamt noch mit der Abw\u00e4gung zwischen dem \u00fcberwiegenden Gemeinwohlinteresse und den individuellen Verkehrsinteressen besch\u00e4ftigt ist. Verabredet wurde eine Anh\u00f6rung und Beteiligung der Markth\u00e4ndler, damit eine allseits akzeptable L\u00f6sung gefunden werden kann.<\/p>\n<p><strong>3. Gehweg und Platzbeleuchtung:<\/strong><\/p>\n<p>Inzwischen wurden 8 traditionelle Gehwegleuchten mit ged\u00e4mpftem LED-Licht (\u00e4hnlich dem fr\u00fcheren\u00a0 Gaslicht) installiert, die von der BI in den Vorplanungen gemeinsam mit dem BA ausgesucht wurden.<br \/>\nDie unsch\u00f6nen Hochmastleuchten (Typ \u201eKontrollpunkt Dreilinden\u201c) wurden bereits demontiert.<br \/>\nDamit hat der Platz endlich eine angenehme Lichtatmosph\u00e4re erhalten.<\/p>\n<p><strong>4. Teilst\u00fcck Lauterstra\u00dfe:<\/strong><\/p>\n<p>Die Fertigstellung des Bereichs der angrenzenden Lauterstra\u00dfe als niveau- und pflastergleicher Teil des Breslauer Platzes mit dem Ziel eines zusammenh\u00e4ngende Fu\u00dfg\u00e4nger-Marktplatzes ist leider nach wie vor Teil eines Auseinandersetzungsprozesses unter den Verantwortlichen in der BVV.<br \/>\nZur Kl\u00e4rung ist hierf\u00fcr nach Beschluss der BVV vom 15. Oktober 2014 das Bezirksamt beauftragt worden nun die noch bisher fehlenden rechtlich korrekten Voraussetzungen zur Errichtung der Fu\u00dfg\u00e4ngerzone zu schaffen. Der erste Schritt w\u00e4re eine Teileinziehung (\u201eStilllegung\u201c) der Lauterstrasse.<\/p>\n<p>Anschlie\u00dfend w\u00e4ren die stra\u00dfenverkehrsrechtlichen Regelungen zu treffen (Marktnutzung, Fahrradnutzung, Anlieferfragen, Erreichbarkeit der Praxen, Rettungsfahrzeuge, u.\u00e4.).<\/p>\n<p>Die Errichtung der Fu\u00dfg\u00e4ngerzone und der damit verbundenen \u201eStilllegung\u201c der Lauterstrasse ist seit Gr\u00fcndung der BI (2010) Grundgedanke und Kern der Konzeption und Neugestaltung des zerteilten Platzes.<\/p>\n<p>Am 4. Februar 2015, ist zur Erfassung und Kl\u00e4rung von Bedenken einiger Anwohner und Gewerbetreibender von der BI eine Informationsveranstaltung in den R\u00e4umlichkeiten der B\u00e4ckerei Th\u00fcrmann durchgef\u00fchrt worden.<br \/>\nHier waren neben Vertretern der BI auch Herr Reinhard Janke (Vorsitzender des Ausschusses f\u00fcr Stadtentwicklung der BVV (SPD), sowie Ulrich Hauschild (BVV-Verordneter, Gr\u00fcne) vertreten.<br \/>\nDie hier gef\u00fchrte Diskussion war teilweise von gro\u00dfen Bedenken der anwesenden Gewerbetreibenden bestimmt, die bez\u00fcglich wegfallender Parkpl\u00e4tze f\u00fcr ihre Besucher, sowie die entfallende \u201evor-die-T\u00fcr-Anlieferung\u201c als existenzbedrohend und f\u00fcr eine moderne Stadt als \u201er\u00fcckw\u00e4rtsgewandt\u201c formulierten.<br \/>\nUm den Wegfall von Kundenparkm\u00f6glichkeiten auszugleichen, wurde seitens der BVV-Vertreter zu-gesagt sich f\u00fcr die Schaffung von Kurzzeitparkzonen einzusetzen.<br \/>\nDie Diskussion mit den Gewerbetreibenden der H\u00e4user Lauterstra\u00dfe 14 &#8211; 18 wird von der BI fortgesetzt, um die W\u00fcnsche von \u00fcber 600 B\u00fcrgern mit den noch bestehenden Zweifeln der Anrainer in Einklang zu bringen.<br \/>\nWir werden dem Bezirksamt gegen\u00fcber weiter deutlich machen, dass die Friedenauer Bev\u00f6lkerung eine schnellere Umsetzung des Beschlusses zur Einrichtung der absatzlosen Fu\u00dfg\u00e4ngerzone erwartet.<br \/>\nAm Samstagsstand der BI h\u00e4ufen sich die Beschwerden zur \u201eStolperfalle\u201c Lauterstrasse.<\/p>\n<p><strong>5. \u00d6ffentliche Toiletten:<\/strong><\/p>\n<p>Durch den Umzug des \u201eFinanzamtes f\u00fcr Fahndung und Strafsachen (FA FuSt)\u201c und die damit verbundene Umnutzung des Rathausgeb\u00e4udes entf\u00e4llt aus Sicherheitsgr\u00fcnden die bisherige Nutzung der Toiletten durch die Marktbetreiber und Platzbesucher.<br \/>\nUm den auch zuk\u00fcnftig bestehenden Bed\u00fcrfnissen der \u00d6ffentlichkeit Ersatz zu bieten, strebt die BI schon seit langem die Renovierung und Wiederer\u00f6ffnung der bestehenden Toilettenanlage unterhalb des Pavillons an. \u00dcber den Vorschlag f\u00fcr einen Einbau eines WC im fr\u00fcheren \u201eTechnikraum\u201c des Pavillons wurde am 18. Mai von der BI mit dem Bezirksamt ein Gespr\u00e4ch gef\u00fchrt.<\/p>\n<p>Neben einem Sanit\u00e4rbereich bietet die unterhalb der Glasbausteine liegende 65m\u00b2 gro\u00dfe Fl\u00e4che auch Raum, um das im Rathaus wegfallende B\u00fcro des Marktmeisters hier zentral f\u00fcr die Marktbetreiber zu installieren.<\/p>\n<p><strong>6. Brunnen:<\/strong><\/p>\n<p>In einer Besprechung im Oktober 2014 mit Baustadtrat D. Kr\u00fcger mit Vertretern der BI teilte dieser mit, dass ein zuk\u00fcnftiger Brunnenstandort durch das bereits verlegte Wasserzuleitungsrohr bestimmt ist. Dieses endet hinter dem neuerrichteten Sitzareal auf der R\u00fcckseite des Pavillons.<br \/>\nDie BI begr\u00fc\u00dfte dies unter der Ma\u00dfgabe, dass der Brunnen nicht einfach eine \u201etechnische Versorgungss\u00e4ule\u201c, sondern ein st\u00e4dtebauliches Schmuckelement f\u00fcr den Platz wird.<br \/>\nNur f\u00fcr einen gestalteten kleinen Schmuckbrunnen h\u00e4tten sich die inzwischen zahlreich gewonnenen Sponsoren, die dessen Finanzierung und Betrieb zun\u00e4chst f\u00fcr 5 Jahre zugesichert haben, ausgesprochen und auch nur hierf\u00fcr st\u00fcnden diese Sponsorenmittel zur Verf\u00fcgung.<br \/>\nAuch die Finanzmittel der Planungs- und Bau-F\u00f6rderung der Senatsverwaltung seien ausdr\u00fccklich f\u00fcr ein st\u00e4dtebaulich und k\u00fcnstlerisch gestaltetes Bauelement verwendbar.<\/p>\n<p>Vielen Dank f\u00fcr Ihre bisherige Unterst\u00fctzung.<br \/>\nWir werden Sie weiterhin \u00fcber das Verfahren und die Entwicklung informieren.<\/p>\n<p>Besuchen Sie uns an einem Samstag auf dem Markt auf dem Breslauer Platz an unserem Informationsstand (Ecke Niedstrasse).<\/p>\n<p><a href=\"http:\/\/www.berlin-suedwest.de\/breslauer-platz\/wp-content\/uploads\/2015\/06\/Rundbrief_5-BIBreslauerPlatz.pdf\">Rundbrief_5 als PDF<\/a><\/p>\n","protected":false},"excerpt":{"rendered":"<p>Mit diesem Rundbrief Nr. 5 m\u00f6chten wir Sie auf den aktuellen Stand (Mai 2015) bez\u00fcglich der Umgestaltung des Breslauer Platzes bringen: (Im nachfolgenden Inhalt steht f\u00fcr Vertreter des Vereins \u201eInitiative Breslauer Platz e.V.\u201c stets \u201eBI\u201c) 1. Sitzb\u00e4nke und Pflanzk\u00fcbel (Plantainer) &hellip; <a href=\"http:\/\/www.berlin-suedwest.de\/breslauer-platz\/?p=1453\">Weiterlesen <span class=\"meta-nav\">&rarr;<\/span><\/a><\/p>\n","protected":false},"author":1,"featured_media":0,"comment_status":"closed","ping_status":"closed","sticky":false,"template":"","format":"standard","meta":{"footnotes":""},"categories":[1],"tags":[],"class_list":["post-1453","post","type-post","status-publish","format-standard","hentry","category-allgemein"],"_links":{"self":[{"href":"http:\/\/www.berlin-suedwest.de\/breslauer-platz\/index.php?rest_route=\/wp\/v2\/posts\/1453","targetHints":{"allow":["GET"]}}],"collection":[{"href":"http:\/\/www.berlin-suedwest.de\/breslauer-platz\/index.php?rest_route=\/wp\/v2\/posts"}],"about":[{"href":"http:\/\/www.berlin-suedwest.de\/breslauer-platz\/index.php?rest_route=\/wp\/v2\/types\/post"}],"author":[{"embeddable":true,"href":"http:\/\/www.berlin-suedwest.de\/breslauer-platz\/index.php?rest_route=\/wp\/v2\/users\/1"}],"replies":[{"embeddable":true,"href":"http:\/\/www.berlin-suedwest.de\/breslauer-platz\/index.php?rest_route=%2Fwp%2Fv2%2Fcomments&post=1453"}],"version-history":[{"count":1,"href":"http:\/\/www.berlin-suedwest.de\/breslauer-platz\/index.php?rest_route=\/wp\/v2\/posts\/1453\/revisions"}],"predecessor-version":[{"id":1455,"href":"http:\/\/www.berlin-suedwest.de\/breslauer-platz\/index.php?rest_route=\/wp\/v2\/posts\/1453\/revisions\/1455"}],"wp:attachment":[{"href":"http:\/\/www.berlin-suedwest.de\/breslauer-platz\/index.php?rest_route=%2Fwp%2Fv2%2Fmedia&parent=1453"}],"wp:term":[{"taxonomy":"category","embeddable":true,"href":"http:\/\/www.berlin-suedwest.de\/breslauer-platz\/index.php?rest_route=%2Fwp%2Fv2%2Fcategories&post=1453"},{"taxonomy":"post_tag","embeddable":true,"href":"http:\/\/www.berlin-suedwest.de\/breslauer-platz\/index.php?rest_route=%2Fwp%2Fv2%2Ftags&post=1453"}],"curies":[{"name":"wp","href":"https:\/\/api.w.org\/{rel}","templated":true}]}}