{"id":1310,"date":"2014-07-19T15:35:09","date_gmt":"2014-07-19T13:35:09","guid":{"rendered":"http:\/\/www.berlin-suedwest.de\/breslauer-platz\/?p=1310"},"modified":"2014-10-20T17:20:29","modified_gmt":"2014-10-20T15:20:29","slug":"das-falsche-pflaster-neuer-aerger-am-breslauer-platz","status":"publish","type":"post","link":"http:\/\/www.berlin-suedwest.de\/breslauer-platz\/?p=1310","title":{"rendered":"Das falsche Pflaster? Neuer \u00c4rger am Breslauer Platz"},"content":{"rendered":"<p><a href=\"http:\/\/www.berlin-suedwest.de\/breslauer-platz\/wp-content\/uploads\/2014\/07\/breslauer1.jpg\"><img loading=\"lazy\" decoding=\"async\" class=\"alignleft size-full wp-image-1307\" src=\"http:\/\/www.berlin-suedwest.de\/breslauer-platz\/wp-content\/uploads\/2014\/07\/breslauer1.jpg\" alt=\"breslauer1\" width=\"500\" height=\"335\" srcset=\"http:\/\/www.berlin-suedwest.de\/breslauer-platz\/wp-content\/uploads\/2014\/07\/breslauer1.jpg 500w, http:\/\/www.berlin-suedwest.de\/breslauer-platz\/wp-content\/uploads\/2014\/07\/breslauer1-300x201.jpg 300w\" sizes=\"auto, (max-width: 500px) 100vw, 500px\" \/><\/a><\/p>\n<p>Beitrag von <a href=\"http:\/\/www.berliner-woche.de\/verlag\/redaktion\/\">Karen Noetzel<\/a> in der <a href=\"http:\/\/www.berliner-woche.de\">Berliner Woche<\/a> vom 14.7.2014<br \/>\nFriedenau. Vertreter der B\u00fcrgerinitiative &#8222;Breslauer Platz&#8220; trauen ihren Augen nicht. Der Platz sei falsch gepflastert worden.<\/p>\n<p>Eigentlich sei &#8222;alles klar&#8220; gewesen, sagt Architekt Joachim W. Gl\u00e4ssel von der Initiative. Der Platz sollte mit hellen Granit- und dunklen Basaltsteinen gleichen Formats jeweils &#8222;auf Fuge&#8220; best\u00fcckt werden. Doch die beauftragte Firma setzte unterschiedlich gro\u00dfe Steine&#8220;, so Gl\u00e4ssel. Und die Fugenmasse ist nach wenigen Wochen schon so br\u00fcchig, dass sie an vielen Stellen fehlt. Stadtentwicklungsstadtr\u00e4tin Sibyll Klotz (B\u201990\/Die Gr\u00fcnen) nannte die Sache in einem Gespr\u00e4ch mit der Initiative &#8222;unfassbar&#8220;.<br \/>\n<!--more--><br \/>\n&#8222;Das bleibt jetzt 30 Jahre so liegen&#8220;, schimpft BI-Vertreter Martin Gropp. Die Pflasterung sei bautechnisch abgenommen. Selbst eine Schadenersatzzahlung der ausf\u00fchrenden Firma w\u00fcrde nichts \u00e4ndern.<\/p>\n<p>Genau so wenig wie mit dem falschen Pflaster will sich die B\u00fcrgerinitiative mit der Absage an einen Schmuckbrunnen abfinden. Baustadtrat Daniel Kr\u00fcger sieht m\u00f6gliche Konflikte wegen Abf\u00e4llen, die darin entsorgt werden k\u00f6nnten, und hat auch \u00e4sthetische Bedenken. &#8222;Der Platz wird vom Rathaus und dem denkmalgesch\u00fctzten Pavillon gepr\u00e4gt&#8220;, sagt er.<\/p>\n<p>&#8222;Es muss ja nicht gleich ein k\u00fcnstlerisch gestalteter Brunnen sein&#8220;, meint Martin Gropp. &#8222;Es gibt auch sch\u00f6ne Fertigbrunnen.&#8220; F\u00fcr seinen Betrieb \u00fcber einen Zeitraum von vorerst f\u00fcnf Jahren hat die B\u00fcrgerinitiative schon 40 Sponsoren gefunden. Doch das Bezirksamt will lieber einen Trinkbrunnen der Wasserbetriebe in der Lauterstra\u00dfe installieren. &#8222;Den zahlen unsere Sponsoren bestimmt nicht&#8220;, sagt Martin Gropp.<\/p>\n<p>Mehr lesen auf BERLINER WOCHE Online: <a href=\"http:\/\/www.berliner-woche.de\/nachrichten\/bezirk-tempelhof-schoeneberg\/friedenau\/artikel\/46603-neuer-aerger-am-breslauer-platz\/\">http:\/\/www.berliner-woche.de\/nachrichten\/bezirk-tempelhof-schoeneberg\/friedenau\/artikel\/46603-neuer-aerger-am-breslauer-platz\/<\/a><\/p>\n","protected":false},"excerpt":{"rendered":"<p>Beitrag von Karen Noetzel in der Berliner Woche vom 14.7.2014 Friedenau. Vertreter der B\u00fcrgerinitiative &#8222;Breslauer Platz&#8220; trauen ihren Augen nicht. Der Platz sei falsch gepflastert worden. Eigentlich sei &#8222;alles klar&#8220; gewesen, sagt Architekt Joachim W. Gl\u00e4ssel von der Initiative. Der &hellip; <a href=\"http:\/\/www.berlin-suedwest.de\/breslauer-platz\/?p=1310\">Weiterlesen <span class=\"meta-nav\">&rarr;<\/span><\/a><\/p>\n","protected":false},"author":1,"featured_media":0,"comment_status":"closed","ping_status":"closed","sticky":false,"template":"","format":"standard","meta":{"footnotes":""},"categories":[1],"tags":[],"class_list":["post-1310","post","type-post","status-publish","format-standard","hentry","category-allgemein"],"_links":{"self":[{"href":"http:\/\/www.berlin-suedwest.de\/breslauer-platz\/index.php?rest_route=\/wp\/v2\/posts\/1310","targetHints":{"allow":["GET"]}}],"collection":[{"href":"http:\/\/www.berlin-suedwest.de\/breslauer-platz\/index.php?rest_route=\/wp\/v2\/posts"}],"about":[{"href":"http:\/\/www.berlin-suedwest.de\/breslauer-platz\/index.php?rest_route=\/wp\/v2\/types\/post"}],"author":[{"embeddable":true,"href":"http:\/\/www.berlin-suedwest.de\/breslauer-platz\/index.php?rest_route=\/wp\/v2\/users\/1"}],"replies":[{"embeddable":true,"href":"http:\/\/www.berlin-suedwest.de\/breslauer-platz\/index.php?rest_route=%2Fwp%2Fv2%2Fcomments&post=1310"}],"version-history":[{"count":1,"href":"http:\/\/www.berlin-suedwest.de\/breslauer-platz\/index.php?rest_route=\/wp\/v2\/posts\/1310\/revisions"}],"predecessor-version":[{"id":1311,"href":"http:\/\/www.berlin-suedwest.de\/breslauer-platz\/index.php?rest_route=\/wp\/v2\/posts\/1310\/revisions\/1311"}],"wp:attachment":[{"href":"http:\/\/www.berlin-suedwest.de\/breslauer-platz\/index.php?rest_route=%2Fwp%2Fv2%2Fmedia&parent=1310"}],"wp:term":[{"taxonomy":"category","embeddable":true,"href":"http:\/\/www.berlin-suedwest.de\/breslauer-platz\/index.php?rest_route=%2Fwp%2Fv2%2Fcategories&post=1310"},{"taxonomy":"post_tag","embeddable":true,"href":"http:\/\/www.berlin-suedwest.de\/breslauer-platz\/index.php?rest_route=%2Fwp%2Fv2%2Ftags&post=1310"}],"curies":[{"name":"wp","href":"https:\/\/api.w.org\/{rel}","templated":true}]}}