{"id":1306,"date":"2014-07-18T12:56:33","date_gmt":"2014-07-18T10:56:33","guid":{"rendered":"http:\/\/www.berlin-suedwest.de\/breslauer-platz\/?p=1306"},"modified":"2014-10-20T17:20:29","modified_gmt":"2014-10-20T15:20:29","slug":"baustadtrat-d-krueger-cdu-bremst-platzfertigstellung-aus","status":"publish","type":"post","link":"http:\/\/www.berlin-suedwest.de\/breslauer-platz\/?p=1306","title":{"rendered":"Baustadtrat D. Kr\u00fcger (CDU) bremst Platzfertigstellung  aus"},"content":{"rendered":"<p><a href=\"http:\/\/www.berlin-suedwest.de\/breslauer-platz\/wp-content\/uploads\/2013\/11\/krueger2.jpg\"><img loading=\"lazy\" decoding=\"async\" class=\"alignleft size-full wp-image-1230\" src=\"http:\/\/www.berlin-suedwest.de\/breslauer-platz\/wp-content\/uploads\/2013\/11\/krueger2.jpg\" alt=\"krueger2\" width=\"800\" height=\"558\" srcset=\"http:\/\/www.berlin-suedwest.de\/breslauer-platz\/wp-content\/uploads\/2013\/11\/krueger2.jpg 800w, http:\/\/www.berlin-suedwest.de\/breslauer-platz\/wp-content\/uploads\/2013\/11\/krueger2-300x209.jpg 300w\" sizes=\"auto, (max-width: 800px) 100vw, 800px\" \/><\/a><\/p>\n<p>CDU-Bezirksstadtrat Daniel Kr\u00fcger will mit dem Kopf durch die Wand. Weil er sich seit Monaten weigert, den Breslauer Platz und die Lauterstra\u00dfe zu einer Fu\u00dfg\u00e4ngerzone umzuwandeln, hat die BVV im M\u00e4rz einen Baustopp f\u00fcr die Lauterstra\u00dfe beschlossen. Der Baustadtrat will entgegen dem vereinbarten\u00a0 Konsensplan die Lauterstra\u00dfe nicht auf eine Ebene mit dem Breslauer Platz anheben, sondern die Lauterstra\u00dfe mit einer 3 cm tiefer gelegenen Fahrbahn und Ampel an der Einfahrt zur Rheinstra\u00dfe fertigstellen lassen,\u00a0 einschlie\u00dflich\u00a0 \u201eStolper\u201c-Kanten entlang der alten Bordsteinkanten,\u00a0 die vermeintlich eine Hilfe und Orientierung f\u00fcr Sehbehinderte zur Erkennung der Anlieferungsstra\u00dfe seien. Quer durch die intensiv marktgenutzte Fl\u00e4che w\u00fcrden diese Kanten aber f\u00fcr alle Fu\u00dfg\u00e4nger eine unzul\u00e4ssige\u00a0 Stolperfalle auf ca. 70 m L\u00e4nge schaffen, besonders Rollstuhlfahrer behindern und Sehbehinderte\u00a0 gar\u00a0 irritieren.<\/p>\n<p>Inmitten einer Funktionsfl\u00e4che, die der Markt auf dem Breslauer Platz nun einmal ist, wo Besucher in allen Richtungen queren, ist eine solche Kante nach dem Berliner-Stra\u00dfen-Gesetz, \u00a7 7 Abs. 2,\u00a0 daher auch nicht vorgesehen; sondern ist nur an Stra\u00dfenkreuzungen und Querungen einzusetzen\u00a0\u00a0 \u2013\u00a0\u00a0 und in keinem Fall l\u00e4ngs einer Stra\u00dfe. Deshalb, und f\u00fcr eine sicher begehbare\u00a0 Fu\u00dfg\u00e4ngerzone, haben sich nicht nur die BI, sondern einige hundert\u00a0 Friedenauer B\u00fcrgerInnen in Listen eingetragen. Mehr als 400 Protestunterschriften wurden dem Bezirksstadtrat Kr\u00fcger \u00fcbergeben. Eine Antwort steht aus!<\/p>\n<p>In einer Versammlung am 17.06.2014 im Friedenauer Rathaus (Schlesiensaal)\u00a0 mit Anrainern hat Herr Kr\u00fcger dennoch bekr\u00e4ftigt, dass er die Lauterstra\u00dfe f\u00fcr den Anlieferverkehr der\u00a0 Gewerbetreibenden, \u00c4rzte und sonstigen Praxen offenhalten will. Damit agiert der Stadtrat gegen die\u00a0urspr\u00fcngliche Planung, die 2011 zwischen der BI und dem damaligen Baustadtrat Oliver Schworck beschlossen wurde \u2013 und entgegen dem BVV-Beschluss des Bezirkes vom 22. Januar 2014! Herr Kr\u00fcger hat die Anwesenden dabei allerdings nicht\u00a0 informiert, dass bei entsprechender Beschilderung die Zufahrt von Taxen, Krankenfahrzeugen und eine Anlieferung zu begrenzten Zeiten\u00a0 erlaubt werden kann. In anderen Bezirken ist das bereits Alltag,\u00a0 wie z.B. am Adenauer-Platz, George-Grosz-Platz und Lehniner Platz,\u00a0 in Fu\u00dfg\u00e4ngerzonen und in der Potsdamer Innenstadt,\u00a0 nur nicht in Tempelhof-Sch\u00f6neberg!<\/p>\n<p>Inzwischen wurde bekannt, dass das Rathaus Friedenau seit Anfang dieses Jahres in Regie\u00a0 des landeseigenen Berliner-Immobilien-Managements (BIM) ist. Hier soll k\u00fcnftig die Steuerfahndung ihren Sitz haben. Nach einem der BI vorliegenden Protokoll aus einer Ausschusssitzung des Abgeordnetenhauses geht hervor, dass sich der Baustadtrat offensichtlich\u00a0 gegen\u00fcber der BIM verpflichtet hat, f\u00fcr die\u00a0 Steuerfahndung f\u00fcr zus\u00e4tzliche Stellpl\u00e4tze f\u00fcr Einsatzfahrzeuge im unmittelbaren Umfeld des Rathauses zu sorgen. Damit w\u00fcrden noch mehr der ohnehin wenigen Stellpl\u00e4tze f\u00fcr die Anwohner wegfallen! Unklar ist, warum den Anwohnern das bisher verschwiegen wurde. Mag dies der eigentliche Grund sein, eine Andienungsstra\u00dfe entgegen\u00a0 der Vorplanung, entgegen B\u00fcrgerwunsch\u00a0 und allen fachlichen\u00a0 Argumenten auf dem Breslauer Platz\u00a0 \u201edurchzuziehen\u201c zu wollen ?<br \/>\n&#8222;Herr Kr\u00fcger, Sie werden aus unseren Steuern bezahlt, also leisten Sie Ihre Arbeit im Sinne\u00a0 der B\u00fcrgerinnen und B\u00fcrger!&#8220;, so die unmissverst\u00e4ndliche Aussage einer BI-Vertreterin, nach\u00a0 deren Auffassung der Stadtrat jetzt das Fass zum \u00dcberlaufen gebracht hat.<\/p>\n<p>Schreiben Sie Ihre Meinung und Fragen dazu an Stadtrat D. Kr\u00fcger :<br \/>\ndaniel.krueger@ba-ts.berlin.de\u00a0 !<\/p>\n<p><a href=\"http:\/\/www.berlin-suedwest.de\/breslauer-platz\/wp-content\/uploads\/2014\/07\/flyer-krueger.pdf\">Informationsflyer zum Download<\/a><\/p>\n","protected":false},"excerpt":{"rendered":"<p>CDU-Bezirksstadtrat Daniel Kr\u00fcger will mit dem Kopf durch die Wand. Weil er sich seit Monaten weigert, den Breslauer Platz und die Lauterstra\u00dfe zu einer Fu\u00dfg\u00e4ngerzone umzuwandeln, hat die BVV im M\u00e4rz einen Baustopp f\u00fcr die Lauterstra\u00dfe beschlossen. Der Baustadtrat will &hellip; <a href=\"http:\/\/www.berlin-suedwest.de\/breslauer-platz\/?p=1306\">Weiterlesen <span class=\"meta-nav\">&rarr;<\/span><\/a><\/p>\n","protected":false},"author":1,"featured_media":0,"comment_status":"closed","ping_status":"closed","sticky":false,"template":"","format":"standard","meta":{"footnotes":""},"categories":[1],"tags":[],"class_list":["post-1306","post","type-post","status-publish","format-standard","hentry","category-allgemein"],"_links":{"self":[{"href":"http:\/\/www.berlin-suedwest.de\/breslauer-platz\/index.php?rest_route=\/wp\/v2\/posts\/1306","targetHints":{"allow":["GET"]}}],"collection":[{"href":"http:\/\/www.berlin-suedwest.de\/breslauer-platz\/index.php?rest_route=\/wp\/v2\/posts"}],"about":[{"href":"http:\/\/www.berlin-suedwest.de\/breslauer-platz\/index.php?rest_route=\/wp\/v2\/types\/post"}],"author":[{"embeddable":true,"href":"http:\/\/www.berlin-suedwest.de\/breslauer-platz\/index.php?rest_route=\/wp\/v2\/users\/1"}],"replies":[{"embeddable":true,"href":"http:\/\/www.berlin-suedwest.de\/breslauer-platz\/index.php?rest_route=%2Fwp%2Fv2%2Fcomments&post=1306"}],"version-history":[{"count":1,"href":"http:\/\/www.berlin-suedwest.de\/breslauer-platz\/index.php?rest_route=\/wp\/v2\/posts\/1306\/revisions"}],"predecessor-version":[{"id":1309,"href":"http:\/\/www.berlin-suedwest.de\/breslauer-platz\/index.php?rest_route=\/wp\/v2\/posts\/1306\/revisions\/1309"}],"wp:attachment":[{"href":"http:\/\/www.berlin-suedwest.de\/breslauer-platz\/index.php?rest_route=%2Fwp%2Fv2%2Fmedia&parent=1306"}],"wp:term":[{"taxonomy":"category","embeddable":true,"href":"http:\/\/www.berlin-suedwest.de\/breslauer-platz\/index.php?rest_route=%2Fwp%2Fv2%2Fcategories&post=1306"},{"taxonomy":"post_tag","embeddable":true,"href":"http:\/\/www.berlin-suedwest.de\/breslauer-platz\/index.php?rest_route=%2Fwp%2Fv2%2Ftags&post=1306"}],"curies":[{"name":"wp","href":"https:\/\/api.w.org\/{rel}","templated":true}]}}