{"id":1222,"date":"2013-11-28T17:29:44","date_gmt":"2013-11-28T16:29:44","guid":{"rendered":"http:\/\/www.berlin-suedwest.de\/breslauer-platz\/?p=1222"},"modified":"2014-10-20T17:20:29","modified_gmt":"2014-10-20T15:20:29","slug":"ubergabe-von-13-stolpersteinen","status":"publish","type":"post","link":"http:\/\/www.berlin-suedwest.de\/breslauer-platz\/?p=1222","title":{"rendered":"\u00dcbergabe von 13 Stolpersteinen"},"content":{"rendered":"<p><a href=\"http:\/\/www.berlin-suedwest.de\/breslauer-platz\/wp-content\/uploads\/2013\/11\/stolper1.jpg\"><img loading=\"lazy\" decoding=\"async\" class=\"alignnone size-full wp-image-1226\" alt=\"stolper\" src=\"http:\/\/www.berlin-suedwest.de\/breslauer-platz\/wp-content\/uploads\/2013\/11\/stolper1.jpg\" width=\"800\" height=\"536\" srcset=\"http:\/\/www.berlin-suedwest.de\/breslauer-platz\/wp-content\/uploads\/2013\/11\/stolper1.jpg 800w, http:\/\/www.berlin-suedwest.de\/breslauer-platz\/wp-content\/uploads\/2013\/11\/stolper1-300x201.jpg 300w\" sizes=\"auto, (max-width: 800px) 100vw, 800px\" \/><\/a><\/p>\n<p>Am Freitag, 29. November 2013, 16:30 Uhr<br \/>\nTrweffpunkt: Wielandstra\u00dfe 5, Berlin Friedenau<br \/>\nVon dort gehen wir gemeinsam zu den 13 Stolpersteinen, die wir an die \u00d6ffentlichkeit \u00fcbergeben. Organisation: Stolpersteininitiative Stierstra\u00dfe<\/p>\n<p>Wielandstra\u00dfe 5<br \/>\nIngrid Schmidt erinnert an: Gertrud und Max Sch\u00e4chter<br \/>\nBegr\u00fc\u00dfung der G\u00e4ste und Nachbarn: Ingrid Schmidt<br \/>\nmUSIK. Bach: Toccata<\/p>\n<p>Wielandstra\u00dfe 27<br \/>\nWolfgang Meckel erinnert an: Bernhard Guttmann<\/p>\n<p>Wielandstra\u00dfe 22<br \/>\nKarin Platz erinnert an: Rosalie und Siegfried Priester<br \/>\nAngelika Hermes erinnert an: Leo Stiefel<br \/>\nmUSIK. Bach: Adagio<\/p>\n<p>Moselstra\u00dfe 5<br \/>\nIna Gorgis erinnert an: Nora und Hans Lewin<\/p>\n<p>Moselstra\u00dfe 9<br \/>\nSigrun Marks erinnert an: Rosalie Efrem<\/p>\n<p>Dickhardtstra\u00dfe 15<br \/>\nPetra T. Fritsche erinnert an: Clara und Simon Kleinberger<\/p>\n<p>Dickhardtstra\u00dfe 6<br \/>\nElke Vollmer-Henius erinnert an: Dr. Max Henius<br \/>\nmUSIK. Shostakovich: Walzer<\/p>\n<p>Dickhardtstra\u00dfe 61<br \/>\nAnnika Bratt erinnert an: Hermann Jankelowitz<\/p>\n<p>Akkordeon: Sergey Mirov<br \/>\nBeisammensein im Literaturhotel Fregestra\u00dfe<br \/>\nMusik. Vivaldi: Winter<\/p>\n","protected":false},"excerpt":{"rendered":"<p>Am Freitag, 29. November 2013, 16:30 Uhr Trweffpunkt: Wielandstra\u00dfe 5, Berlin Friedenau Von dort gehen wir gemeinsam zu den 13 Stolpersteinen, die wir an die \u00d6ffentlichkeit \u00fcbergeben. Organisation: Stolpersteininitiative Stierstra\u00dfe Wielandstra\u00dfe 5 Ingrid Schmidt erinnert an: Gertrud und Max Sch\u00e4chter &hellip; <a href=\"http:\/\/www.berlin-suedwest.de\/breslauer-platz\/?p=1222\">Weiterlesen <span class=\"meta-nav\">&rarr;<\/span><\/a><\/p>\n","protected":false},"author":1,"featured_media":0,"comment_status":"closed","ping_status":"closed","sticky":false,"template":"","format":"standard","meta":{"footnotes":""},"categories":[1],"tags":[],"class_list":["post-1222","post","type-post","status-publish","format-standard","hentry","category-allgemein"],"_links":{"self":[{"href":"http:\/\/www.berlin-suedwest.de\/breslauer-platz\/index.php?rest_route=\/wp\/v2\/posts\/1222","targetHints":{"allow":["GET"]}}],"collection":[{"href":"http:\/\/www.berlin-suedwest.de\/breslauer-platz\/index.php?rest_route=\/wp\/v2\/posts"}],"about":[{"href":"http:\/\/www.berlin-suedwest.de\/breslauer-platz\/index.php?rest_route=\/wp\/v2\/types\/post"}],"author":[{"embeddable":true,"href":"http:\/\/www.berlin-suedwest.de\/breslauer-platz\/index.php?rest_route=\/wp\/v2\/users\/1"}],"replies":[{"embeddable":true,"href":"http:\/\/www.berlin-suedwest.de\/breslauer-platz\/index.php?rest_route=%2Fwp%2Fv2%2Fcomments&post=1222"}],"version-history":[{"count":4,"href":"http:\/\/www.berlin-suedwest.de\/breslauer-platz\/index.php?rest_route=\/wp\/v2\/posts\/1222\/revisions"}],"predecessor-version":[{"id":1340,"href":"http:\/\/www.berlin-suedwest.de\/breslauer-platz\/index.php?rest_route=\/wp\/v2\/posts\/1222\/revisions\/1340"}],"wp:attachment":[{"href":"http:\/\/www.berlin-suedwest.de\/breslauer-platz\/index.php?rest_route=%2Fwp%2Fv2%2Fmedia&parent=1222"}],"wp:term":[{"taxonomy":"category","embeddable":true,"href":"http:\/\/www.berlin-suedwest.de\/breslauer-platz\/index.php?rest_route=%2Fwp%2Fv2%2Fcategories&post=1222"},{"taxonomy":"post_tag","embeddable":true,"href":"http:\/\/www.berlin-suedwest.de\/breslauer-platz\/index.php?rest_route=%2Fwp%2Fv2%2Ftags&post=1222"}],"curies":[{"name":"wp","href":"https:\/\/api.w.org\/{rel}","templated":true}]}}