{"id":1188,"date":"2013-09-27T19:06:17","date_gmt":"2013-09-27T17:06:17","guid":{"rendered":"http:\/\/www.berlin-suedwest.de\/breslauer-platz\/?p=1188"},"modified":"2014-10-20T17:20:30","modified_gmt":"2014-10-20T15:20:30","slug":"liebe-friedenauer-nachbarn-2","status":"publish","type":"post","link":"http:\/\/www.berlin-suedwest.de\/breslauer-platz\/?p=1188","title":{"rendered":"Liebe Friedenauer Nachbarn,"},"content":{"rendered":"<div id='gallery-1' class='gallery galleryid-1188 gallery-columns-3 gallery-size-thumbnail'><dl class='gallery-item'>\n\t\t\t<dt class='gallery-icon landscape'>\n\t\t\t\t<a href='http:\/\/www.berlin-suedwest.de\/breslauer-platz\/?attachment_id=1194'><img loading=\"lazy\" decoding=\"async\" width=\"150\" height=\"150\" src=\"http:\/\/www.berlin-suedwest.de\/breslauer-platz\/wp-content\/uploads\/2013\/09\/pflaster-p201300910-030-150x150.jpg\" class=\"attachment-thumbnail size-thumbnail\" alt=\"\" \/><\/a>\n\t\t\t<\/dt><\/dl><dl class='gallery-item'>\n\t\t\t<dt class='gallery-icon landscape'>\n\t\t\t\t<a href='http:\/\/www.berlin-suedwest.de\/breslauer-platz\/?attachment_id=1193'><img loading=\"lazy\" decoding=\"async\" width=\"150\" height=\"150\" src=\"http:\/\/www.berlin-suedwest.de\/breslauer-platz\/wp-content\/uploads\/2013\/09\/pflaster-p201300910-0261-150x150.jpg\" class=\"attachment-thumbnail size-thumbnail\" alt=\"\" \/><\/a>\n\t\t\t<\/dt><\/dl><dl class='gallery-item'>\n\t\t\t<dt class='gallery-icon landscape'>\n\t\t\t\t<a href='http:\/\/www.berlin-suedwest.de\/breslauer-platz\/?attachment_id=1192'><img loading=\"lazy\" decoding=\"async\" width=\"150\" height=\"150\" src=\"http:\/\/www.berlin-suedwest.de\/breslauer-platz\/wp-content\/uploads\/2013\/09\/pflaster-p201300914-0551-150x150.jpg\" class=\"attachment-thumbnail size-thumbnail\" alt=\"\" \/><\/a>\n\t\t\t<\/dt><\/dl><br style=\"clear: both\" \/>\n\t\t<\/div>\n\n<p>es ist wieder soweit. Die n\u00e4chste Entscheidung steht an. Nachdem die Auswahl der Steine erfolgt ist (grauer Granit und schwarzer Basalt), muss nun \u00fcberlegt werden, wie die vorgesehenen Rasterfelder gepflastert werden sollen.<\/p>\n<ul>\n<li>Sollen zwei oder vier Reihen Basalt die Rasterfl\u00e4chen begrenzen?<\/li>\n<li>Sollen die Rasterfelder geometrisch im Verbund oder in locker versetzter Form (Kreuzfuge) gepflastert werden?<\/li>\n<li>Soll die vorgestellte Gesteinsgr\u00f6\u00dfe zur Anwendung kommen oder sind\u00a0 gr\u00f6\u00dfere Ma\u00dfe zu verwenden (etwa 20&#215;20 cm)?<\/li>\n<\/ul>\n<p>Diese und alle weiteren Fragen zum Thema Pflasterung wollen wir mit Ihnen, dem ausf\u00fchrenden B\u00fcro Hoffmann und Leichter, sowie dem Tiefbauamt beim 2. Bemusterungstermin auf der Baustelle Breslauer Platz er\u00f6rtern. Zur Veranschaulichung der Problematik ist eine diesmal gr\u00f6\u00dfere Musterfl\u00e4che vorbereitet. Wir freuen uns auf Sie am<br \/>\n<strong>Mittwoch, 2.10.2013, 10 Uhr, Baustelle<\/strong><\/p>\n<p>Ihre B\u00fcrgerinitiative Breslauer Platz<\/p>\n","protected":false},"excerpt":{"rendered":"<p>es ist wieder soweit. Die n\u00e4chste Entscheidung steht an. Nachdem die Auswahl der Steine erfolgt ist (grauer Granit und schwarzer Basalt), muss nun \u00fcberlegt werden, wie die vorgesehenen Rasterfelder gepflastert werden sollen. Sollen zwei oder vier Reihen Basalt die Rasterfl\u00e4chen &hellip; <a href=\"http:\/\/www.berlin-suedwest.de\/breslauer-platz\/?p=1188\">Weiterlesen <span class=\"meta-nav\">&rarr;<\/span><\/a><\/p>\n","protected":false},"author":1,"featured_media":0,"comment_status":"closed","ping_status":"closed","sticky":false,"template":"","format":"standard","meta":{"footnotes":""},"categories":[1],"tags":[],"class_list":["post-1188","post","type-post","status-publish","format-standard","hentry","category-allgemein"],"_links":{"self":[{"href":"http:\/\/www.berlin-suedwest.de\/breslauer-platz\/index.php?rest_route=\/wp\/v2\/posts\/1188","targetHints":{"allow":["GET"]}}],"collection":[{"href":"http:\/\/www.berlin-suedwest.de\/breslauer-platz\/index.php?rest_route=\/wp\/v2\/posts"}],"about":[{"href":"http:\/\/www.berlin-suedwest.de\/breslauer-platz\/index.php?rest_route=\/wp\/v2\/types\/post"}],"author":[{"embeddable":true,"href":"http:\/\/www.berlin-suedwest.de\/breslauer-platz\/index.php?rest_route=\/wp\/v2\/users\/1"}],"replies":[{"embeddable":true,"href":"http:\/\/www.berlin-suedwest.de\/breslauer-platz\/index.php?rest_route=%2Fwp%2Fv2%2Fcomments&post=1188"}],"version-history":[{"count":5,"href":"http:\/\/www.berlin-suedwest.de\/breslauer-platz\/index.php?rest_route=\/wp\/v2\/posts\/1188\/revisions"}],"predecessor-version":[{"id":1198,"href":"http:\/\/www.berlin-suedwest.de\/breslauer-platz\/index.php?rest_route=\/wp\/v2\/posts\/1188\/revisions\/1198"}],"wp:attachment":[{"href":"http:\/\/www.berlin-suedwest.de\/breslauer-platz\/index.php?rest_route=%2Fwp%2Fv2%2Fmedia&parent=1188"}],"wp:term":[{"taxonomy":"category","embeddable":true,"href":"http:\/\/www.berlin-suedwest.de\/breslauer-platz\/index.php?rest_route=%2Fwp%2Fv2%2Fcategories&post=1188"},{"taxonomy":"post_tag","embeddable":true,"href":"http:\/\/www.berlin-suedwest.de\/breslauer-platz\/index.php?rest_route=%2Fwp%2Fv2%2Ftags&post=1188"}],"curies":[{"name":"wp","href":"https:\/\/api.w.org\/{rel}","templated":true}]}}