{"id":1069,"date":"2013-02-08T12:53:32","date_gmt":"2013-02-08T11:53:32","guid":{"rendered":"http:\/\/www.berlin-suedwest.de\/breslauer-platz\/?p=1069"},"modified":"2014-10-20T17:20:31","modified_gmt":"2014-10-20T15:20:31","slug":"guterbahnhof-wilmersdorf","status":"publish","type":"post","link":"http:\/\/www.berlin-suedwest.de\/breslauer-platz\/?p=1069","title":{"rendered":"G\u00fcterbahnhof Wilmersdorf"},"content":{"rendered":"<p><a href=\"http:\/\/www.berlin-suedwest.de\/breslauer-platz\/wp-content\/uploads\/2013\/02\/gb2.jpg\"><img loading=\"lazy\" decoding=\"async\" class=\"alignnone size-full wp-image-1070\" title=\"gb2\" src=\"http:\/\/www.berlin-suedwest.de\/breslauer-platz\/wp-content\/uploads\/2013\/02\/gb2.jpg\" alt=\"\" width=\"500\" height=\"335\" srcset=\"http:\/\/www.berlin-suedwest.de\/breslauer-platz\/wp-content\/uploads\/2013\/02\/gb2.jpg 500w, http:\/\/www.berlin-suedwest.de\/breslauer-platz\/wp-content\/uploads\/2013\/02\/gb2-300x201.jpg 300w\" sizes=\"auto, (max-width: 500px) 100vw, 500px\" \/><\/a><\/p>\n<p>Das Bezirsamt hat aktuell Dokumente aus der 2. Perspektivenwerkstatt am 31.1. im Rathaus Sch\u00f6neberg ins Netz [http:\/\/www.berlin.de\/ba-tempelhof-schoeneberg\/organisationseinheit\/planen\/gueterbf_wilmersdorf.html] gestellt, darunter unter anderem:<\/p>\n<p><a href=\"http:\/\/www.berlin.de\/imperia\/md\/content\/batempelhofschoeneberg\/abtgesstadtqm\/plangendenk\/planen\/wilmersdorfgbhf\/2013_01_31_2.werkstatt_praesentation.pdf\" target=\"_blank\">Pr\u00e4sentation 2. Werkstatttermin<\/a><br \/>\n<a href=\"http:\/\/www.berlin.de\/imperia\/md\/content\/batempelhofschoeneberg\/abtgesstadtqm\/plangendenk\/planen\/wilmersdorfgbhf\/2.termin_pr__sentation_libeskind_handout.pdf\" target=\"_blank\">Pr\u00e4sentation Architekt Daniel Libeskind AG<\/a><br \/>\n<a href=\"http:\/\/www.berlin.de\/imperia\/md\/content\/batempelhofschoeneberg\/abtgesstadtqm\/plangendenk\/planen\/wilmersdorfgbhf\/2.termin_pr__sentation_gr__ntuchernst_handout.pdf\" target=\"_blank\">Pr\u00e4sentation Gr\u00fcntuch Ernst Architekten<\/a><br \/>\n<a href=\"http:\/\/www.berlin.de\/imperia\/md\/content\/batempelhofschoeneberg\/abtgesstadtqm\/plangendenk\/planen\/wilmersdorfgbhf\/2.termin_pr__sentation_collignon_handout.pdf\" target=\"_blank\">Pr\u00e4sentation Collignon Architektur<\/a><\/p>\n<p>N\u00e4chster und vorerst letzter \u00f6ffentlicher Besprechungstermin der BI Breslauer Platz zum G\u00fcterbahnhof: Mittwoch, 13. 2. 2013, Nachbarschaftsheim, Holsteinische Stra\u00dfe 30 (Ecke Fregestra\u00dfe), 19 Uhr.<\/p>\n<p>N\u00e4chste \u00f6ffentliche Veranstaltung: Vorstellung des Entwurfs des Konsensplanes findet am 11. April 2013 im Rathaus Sch\u00f6neberg statt (nicht am 14.3.2013).<\/p>\n","protected":false},"excerpt":{"rendered":"<p>Das Bezirsamt hat aktuell Dokumente aus der 2. Perspektivenwerkstatt am 31.1. im Rathaus Sch\u00f6neberg ins Netz [http:\/\/www.berlin.de\/ba-tempelhof-schoeneberg\/organisationseinheit\/planen\/gueterbf_wilmersdorf.html] gestellt, darunter unter anderem: Pr\u00e4sentation 2. Werkstatttermin Pr\u00e4sentation Architekt Daniel Libeskind AG Pr\u00e4sentation Gr\u00fcntuch Ernst Architekten Pr\u00e4sentation Collignon Architektur N\u00e4chster und vorerst letzter &hellip; <a href=\"http:\/\/www.berlin-suedwest.de\/breslauer-platz\/?p=1069\">Weiterlesen <span class=\"meta-nav\">&rarr;<\/span><\/a><\/p>\n","protected":false},"author":1,"featured_media":0,"comment_status":"closed","ping_status":"closed","sticky":false,"template":"","format":"standard","meta":{"footnotes":""},"categories":[1],"tags":[],"class_list":["post-1069","post","type-post","status-publish","format-standard","hentry","category-allgemein"],"_links":{"self":[{"href":"http:\/\/www.berlin-suedwest.de\/breslauer-platz\/index.php?rest_route=\/wp\/v2\/posts\/1069","targetHints":{"allow":["GET"]}}],"collection":[{"href":"http:\/\/www.berlin-suedwest.de\/breslauer-platz\/index.php?rest_route=\/wp\/v2\/posts"}],"about":[{"href":"http:\/\/www.berlin-suedwest.de\/breslauer-platz\/index.php?rest_route=\/wp\/v2\/types\/post"}],"author":[{"embeddable":true,"href":"http:\/\/www.berlin-suedwest.de\/breslauer-platz\/index.php?rest_route=\/wp\/v2\/users\/1"}],"replies":[{"embeddable":true,"href":"http:\/\/www.berlin-suedwest.de\/breslauer-platz\/index.php?rest_route=%2Fwp%2Fv2%2Fcomments&post=1069"}],"version-history":[{"count":2,"href":"http:\/\/www.berlin-suedwest.de\/breslauer-platz\/index.php?rest_route=\/wp\/v2\/posts\/1069\/revisions"}],"predecessor-version":[{"id":1353,"href":"http:\/\/www.berlin-suedwest.de\/breslauer-platz\/index.php?rest_route=\/wp\/v2\/posts\/1069\/revisions\/1353"}],"wp:attachment":[{"href":"http:\/\/www.berlin-suedwest.de\/breslauer-platz\/index.php?rest_route=%2Fwp%2Fv2%2Fmedia&parent=1069"}],"wp:term":[{"taxonomy":"category","embeddable":true,"href":"http:\/\/www.berlin-suedwest.de\/breslauer-platz\/index.php?rest_route=%2Fwp%2Fv2%2Fcategories&post=1069"},{"taxonomy":"post_tag","embeddable":true,"href":"http:\/\/www.berlin-suedwest.de\/breslauer-platz\/index.php?rest_route=%2Fwp%2Fv2%2Ftags&post=1069"}],"curies":[{"name":"wp","href":"https:\/\/api.w.org\/{rel}","templated":true}]}}