{"id":1050,"date":"2013-01-12T15:05:32","date_gmt":"2013-01-12T14:05:32","guid":{"rendered":"http:\/\/www.berlin-suedwest.de\/breslauer-platz\/?p=1050"},"modified":"2014-10-20T17:20:31","modified_gmt":"2014-10-20T15:20:31","slug":"burgerbeteiligung-am-guterbahnhof","status":"publish","type":"post","link":"http:\/\/www.berlin-suedwest.de\/breslauer-platz\/?p=1050","title":{"rendered":"B\u00dcRGERBETEILIGUNG AM G\u00dcTERBAHNHOF"},"content":{"rendered":"<p style=\"text-align: left;\"><a href=\"http:\/\/www.berlin-suedwest.de\/breslauer-platz\/wp-content\/uploads\/2013\/01\/dsc04562.jpg\"><img loading=\"lazy\" decoding=\"async\" class=\"alignnone size-full wp-image-1051\" title=\"dsc04562\" src=\"http:\/\/www.berlin-suedwest.de\/breslauer-platz\/wp-content\/uploads\/2013\/01\/dsc04562.jpg\" alt=\"\" width=\"1024\" height=\"674\" srcset=\"http:\/\/www.berlin-suedwest.de\/breslauer-platz\/wp-content\/uploads\/2013\/01\/dsc04562.jpg 1024w, http:\/\/www.berlin-suedwest.de\/breslauer-platz\/wp-content\/uploads\/2013\/01\/dsc04562-300x197.jpg 300w\" sizes=\"auto, (max-width: 1024px) 100vw, 1024px\" \/><\/a><\/p>\n<p style=\"text-align: left;\">Gleich hinter der Friedrich Bergius Schule am Perelsplatz beginnt das Gel\u00e4nde des ehemaligen G\u00fcterbahnhofs Wilmersdorf. Es erstreckt sich, spitz zulaufend, fast bis zum S-Bahnhof Innsbrucker Platz. Die bezirkliche Planung sieht vor, hier eine Mischbebauung von Gewerbe und Wohnen zuzulassen. Es besteht eine Kaufoption eines Hamburger Investors, die er von der Deutschen Bahn als\u00a0 Eigent\u00fcmerin des Gel\u00e4ndes erworben hat. Das Bezirksamt hat den Investor daf\u00fcr gewinnen k\u00f6nnen, die anwohnende B\u00fcrgerschaft im Rahmen eines Werkstattverfahrens zur Beteiligung an der\u00a0 Gestaltfindung einzuladen. Aus diesem Grund fand Ende des vergangenen Jahres im Sch\u00f6neberger Rathaus eine erste Veranstaltung statt, auf der einerseits das Vorhaben vorgestellt, andererseits die Ideen der B\u00fcrgerschaft aufgenommen wurden.<br \/>\nDamit diese Ideen besser koordiniert werden k\u00f6nnen, fand am 10.1.13 in der Gastst\u00e4tte Medusa am Perelsplatz ein erstes Kennenlerntreffen statt, das von \u00fcber drei\u00dfig Besuchern dazu genutzt wurde, um nochmals eigene W\u00fcnsche vorzutragen und mit den Vorstellungen der anderen Teilnehmer abzugleichen. Es wurde verabredet, die gemeinsame Arbeit an der Gestaltfindung fortzusetzen:<\/p>\n<p style=\"text-align: center;\"><strong>24. 1. 13 , Nachbarschaftshaus Friedenau,<br \/>\nHolsteinische Str. 30 ( Ecke Fregestra\u00dfe), 4. Stock, 19 Uhr<\/strong><\/p>\n<p style=\"text-align: left;\"><!--more-->Auf diesem Treffen sollen die Vorstellungen der B\u00fcrger pr\u00e4zisiert werden, damit ein koordinierter Abgleich mit den Planungen der vom Investor beauftragten drei Architekten m\u00f6glich wird, die ihre Ergebnisse aus eigenen \u00dcberlegungen und unter Einbeziehung der B\u00fcrgerw\u00fcnsche aus der ersten Zusammenkunft nun auf dem zweiten Treffen am 31. Januar im Rathaus Sch\u00f6neberg, 18 Uhr, vorlegen wollen. Zwar besteht bereits auf diesem Werkstatttreffen die M\u00f6glichkeit, die vorgelegten Planungen zu diskutieren. Auf dem Treffen der B\u00fcrgerschaft im Medusa wurde jedoch beschlossen, auf einer weiteren Zusammenkunft im Nachbarschaftsheim auch nach Vorlage der Pl\u00e4ne an der Pr\u00e4zisierung der eigenen Vorstellungen zu arbeiten, und zwar auf der Grundlage der dann vorliegenden Planungsideen der vom Investor beauftragten Architekten. Dieses nachfolgende B\u00fcrgertreffen findet dann statt am:<\/p>\n<p style=\"text-align: center;\"><strong>Mittwoch, 6.2., 19 Uhr,\u00a0<strong>Nachbarschaftshaus Friedenau,<br \/>\nHolsteinische Str. 30 ( Ecke Fregestra\u00dfe),<\/strong><br \/>\n4. Stock (gleicher Raum wie am 24.1.)<\/strong><\/p>\n<p style=\"text-align: left;\">Die BI Breslauer Platz und die BI Bundesplatz haben ihre Unterst\u00fctzung zugesagt.<\/p>\n<p style=\"text-align: left;\">Weitere Informationen zu den Planungen des Bezirkes finden Sie auf den Seiten des Bezirksamtes Tempelhof-Sch\u00f6neberg unter <a href=\"http:\/\/www.berlin.de\/ba-tempelhof-schoeneberg\/organisationseinheit\/planen\/gueterbf_wilmersdorf.html\">http:\/\/www.berlin.de\/ba-tempelhof-schoeneberg\/organisationseinheit\/planen\/gueterbf_wilmersdorf.html<\/a><\/p>\n<p style=\"text-align: left;\">Fotos vom ehemaligen G\u00fcterbahnhof finden Sie auf den Facebookseiten der Stadtteilzeitung Sch\u00f6neberg unter <a href=\"https:\/\/www.facebook.com\/media\/set\/?set=a.375811435832899.93586.196409817106396&amp;type=3\">https:\/\/www.facebook.com\/media\/set\/?set=a.375811435832899.93586.196409817106396&amp;type=3<\/a><\/p>\n<p style=\"text-align: center;\"><strong>N\u00e4chster und vorerst letzter \u00f6ffentlicher Besprechungstermin der BI Breslauer Platz zum G\u00fcterbahnhof: Mittwoch, 13. 2. 2013, Nachbarschaftsheim, Holsteinische Stra\u00dfe 30 (Ecke Fregestra\u00dfe), 19 Uhr<\/strong><\/p>\n","protected":false},"excerpt":{"rendered":"<p>Gleich hinter der Friedrich Bergius Schule am Perelsplatz beginnt das Gel\u00e4nde des ehemaligen G\u00fcterbahnhofs Wilmersdorf. Es erstreckt sich, spitz zulaufend, fast bis zum S-Bahnhof Innsbrucker Platz. Die bezirkliche Planung sieht vor, hier eine Mischbebauung von Gewerbe und Wohnen zuzulassen. Es &hellip; <a href=\"http:\/\/www.berlin-suedwest.de\/breslauer-platz\/?p=1050\">Weiterlesen <span class=\"meta-nav\">&rarr;<\/span><\/a><\/p>\n","protected":false},"author":1,"featured_media":0,"comment_status":"closed","ping_status":"closed","sticky":false,"template":"","format":"standard","meta":{"footnotes":""},"categories":[1],"tags":[],"class_list":["post-1050","post","type-post","status-publish","format-standard","hentry","category-allgemein"],"_links":{"self":[{"href":"http:\/\/www.berlin-suedwest.de\/breslauer-platz\/index.php?rest_route=\/wp\/v2\/posts\/1050","targetHints":{"allow":["GET"]}}],"collection":[{"href":"http:\/\/www.berlin-suedwest.de\/breslauer-platz\/index.php?rest_route=\/wp\/v2\/posts"}],"about":[{"href":"http:\/\/www.berlin-suedwest.de\/breslauer-platz\/index.php?rest_route=\/wp\/v2\/types\/post"}],"author":[{"embeddable":true,"href":"http:\/\/www.berlin-suedwest.de\/breslauer-platz\/index.php?rest_route=\/wp\/v2\/users\/1"}],"replies":[{"embeddable":true,"href":"http:\/\/www.berlin-suedwest.de\/breslauer-platz\/index.php?rest_route=%2Fwp%2Fv2%2Fcomments&post=1050"}],"version-history":[{"count":7,"href":"http:\/\/www.berlin-suedwest.de\/breslauer-platz\/index.php?rest_route=\/wp\/v2\/posts\/1050\/revisions"}],"predecessor-version":[{"id":1357,"href":"http:\/\/www.berlin-suedwest.de\/breslauer-platz\/index.php?rest_route=\/wp\/v2\/posts\/1050\/revisions\/1357"}],"wp:attachment":[{"href":"http:\/\/www.berlin-suedwest.de\/breslauer-platz\/index.php?rest_route=%2Fwp%2Fv2%2Fmedia&parent=1050"}],"wp:term":[{"taxonomy":"category","embeddable":true,"href":"http:\/\/www.berlin-suedwest.de\/breslauer-platz\/index.php?rest_route=%2Fwp%2Fv2%2Fcategories&post=1050"},{"taxonomy":"post_tag","embeddable":true,"href":"http:\/\/www.berlin-suedwest.de\/breslauer-platz\/index.php?rest_route=%2Fwp%2Fv2%2Ftags&post=1050"}],"curies":[{"name":"wp","href":"https:\/\/api.w.org\/{rel}","templated":true}]}}