{"id":1030,"date":"2012-11-23T23:35:47","date_gmt":"2012-11-23T22:35:47","guid":{"rendered":"http:\/\/www.berlin-suedwest.de\/breslauer-platz\/?p=1030"},"modified":"2014-10-20T17:20:31","modified_gmt":"2014-10-20T15:20:31","slug":"licht-an-feier-vor-dem-rathaus-friedenau","status":"publish","type":"post","link":"http:\/\/www.berlin-suedwest.de\/breslauer-platz\/?p=1030","title":{"rendered":"\u201eLicht\u2013an\u2013Feier\u201c vor dem Rathaus Friedenau"},"content":{"rendered":"<p><a href=\"http:\/\/www.berlin-suedwest.de\/breslauer-platz\/wp-content\/uploads\/2012\/11\/wbaum2012.jpg\"><img loading=\"lazy\" decoding=\"async\" class=\"wp-image-1035 alignnone\" title=\"wbaum2012\" src=\"http:\/\/www.berlin-suedwest.de\/breslauer-platz\/wp-content\/uploads\/2012\/11\/wbaum2012.jpg\" alt=\"\" width=\"574\" height=\"383\" srcset=\"http:\/\/www.berlin-suedwest.de\/breslauer-platz\/wp-content\/uploads\/2012\/11\/wbaum2012.jpg 1024w, http:\/\/www.berlin-suedwest.de\/breslauer-platz\/wp-content\/uploads\/2012\/11\/wbaum2012-300x200.jpg 300w\" sizes=\"auto, (max-width: 574px) 100vw, 574px\" \/><\/a><\/p>\n<p>Zu Beginn der Adventszeit wurde am 29. November der pr\u00e4chtige Weihnachtsbaum auf dem Breslauer Platz im Rahmen der\u00a0\u201eLicht-an-Feier\u201c des\u00a0\u201eFriedenau Netzwerkes\u201c festlich illuminiert. F\u00fcr musikalische Stimmung sorgte der Chor der Friedrich-Bergius-Oberschule mit seiner fr\u00f6hlichen Adventsmusik und der Posaunenchor der Stechlinsee-Grundschule.<br \/>\nBezirksb\u00fcrgermeisterin Angelika Sch\u00f6ttler hat die feierliche Illuminierung des Weihnachtsbaumes mit einer Festansprache begleitet.<\/p>\n<p>Der leuchtende Weihnachtsbaum ist auch in diesem Jahr wieder Mittelpunkt des<br \/>\n6. Friedenauer Engelmarktes am 09. Dezember 2012 auf dem Breslauer Platz, zudem das \u201eFriedenau Netzwerk\u201c ganz herzlich alle interessierten B\u00fcrgerinnen und B\u00fcrger einl\u00e4dt. Bezirksstadtrat Oliver Schworck wird diesen als Schirmherr feierlich er\u00f6ffnen.<br \/>\nIn der Zeit von 13.00 bis 18.00 Uhr erwarten Sie 70 St\u00e4nde mit allerlei sch\u00f6nen Dingen, Kunsthandwerk und Informationen aus dem Bezirk.<br \/>\nAuch f\u00fcr weihnachtliche Leckereinen, Gl\u00fchwein und Kinderpunsch ist gesorgt.<br \/>\nDer Eintritt ist frei.<\/p>\n<p>Das \u201eFriedenau Netzwerk\u201c ist eine Initiative von Anwohnerinnen und Anwohnern sowie Gewerbetreibenden, die sich ehrenamtlich f\u00fcr eine verbesserte Lebensqualit\u00e4t in ihrem Ortsteil einsetzen.<br \/>\nDas \u201eFriedenau Netzwerk\u201c und das Bezirksamt bedanken sich bei allen Spenderinnen und Spendern, sowie bei allen Mitwirkenden, Helferinnen und Helfern, die den Weihnachtsbaum, die \u201eLicht-an-Feier\u201c und den Engelmarkt auf dem Breslauer Platz mit Ihrem Engagement erm\u00f6glicht haben.<\/p>\n<p>Weitere Informationen: <a href=\"http:\/\/www.friedenau-netzwerk.de\">www.friedenau-netzwerk.de<\/a><\/p>\n","protected":false},"excerpt":{"rendered":"<p>Zu Beginn der Adventszeit wurde am 29. November der pr\u00e4chtige Weihnachtsbaum auf dem Breslauer Platz im Rahmen der\u00a0\u201eLicht-an-Feier\u201c des\u00a0\u201eFriedenau Netzwerkes\u201c festlich illuminiert. F\u00fcr musikalische Stimmung sorgte der Chor der Friedrich-Bergius-Oberschule mit seiner fr\u00f6hlichen Adventsmusik und der Posaunenchor der Stechlinsee-Grundschule. Bezirksb\u00fcrgermeisterin &hellip; <a href=\"http:\/\/www.berlin-suedwest.de\/breslauer-platz\/?p=1030\">Weiterlesen <span class=\"meta-nav\">&rarr;<\/span><\/a><\/p>\n","protected":false},"author":1,"featured_media":0,"comment_status":"closed","ping_status":"closed","sticky":false,"template":"","format":"standard","meta":{"footnotes":""},"categories":[1],"tags":[],"class_list":["post-1030","post","type-post","status-publish","format-standard","hentry","category-allgemein"],"_links":{"self":[{"href":"http:\/\/www.berlin-suedwest.de\/breslauer-platz\/index.php?rest_route=\/wp\/v2\/posts\/1030","targetHints":{"allow":["GET"]}}],"collection":[{"href":"http:\/\/www.berlin-suedwest.de\/breslauer-platz\/index.php?rest_route=\/wp\/v2\/posts"}],"about":[{"href":"http:\/\/www.berlin-suedwest.de\/breslauer-platz\/index.php?rest_route=\/wp\/v2\/types\/post"}],"author":[{"embeddable":true,"href":"http:\/\/www.berlin-suedwest.de\/breslauer-platz\/index.php?rest_route=\/wp\/v2\/users\/1"}],"replies":[{"embeddable":true,"href":"http:\/\/www.berlin-suedwest.de\/breslauer-platz\/index.php?rest_route=%2Fwp%2Fv2%2Fcomments&post=1030"}],"version-history":[{"count":4,"href":"http:\/\/www.berlin-suedwest.de\/breslauer-platz\/index.php?rest_route=\/wp\/v2\/posts\/1030\/revisions"}],"predecessor-version":[{"id":1358,"href":"http:\/\/www.berlin-suedwest.de\/breslauer-platz\/index.php?rest_route=\/wp\/v2\/posts\/1030\/revisions\/1358"}],"wp:attachment":[{"href":"http:\/\/www.berlin-suedwest.de\/breslauer-platz\/index.php?rest_route=%2Fwp%2Fv2%2Fmedia&parent=1030"}],"wp:term":[{"taxonomy":"category","embeddable":true,"href":"http:\/\/www.berlin-suedwest.de\/breslauer-platz\/index.php?rest_route=%2Fwp%2Fv2%2Fcategories&post=1030"},{"taxonomy":"post_tag","embeddable":true,"href":"http:\/\/www.berlin-suedwest.de\/breslauer-platz\/index.php?rest_route=%2Fwp%2Fv2%2Ftags&post=1030"}],"curies":[{"name":"wp","href":"https:\/\/api.w.org\/{rel}","templated":true}]}}