{"id":1022,"date":"2012-11-09T16:24:05","date_gmt":"2012-11-09T15:24:05","guid":{"rendered":"http:\/\/www.berlin-suedwest.de\/breslauer-platz\/?p=1022"},"modified":"2014-10-20T17:20:31","modified_gmt":"2014-10-20T15:20:31","slug":"informationsveranstaltung-des-bezirksamtes-breslauer-platz-burger-planen-mit","status":"publish","type":"post","link":"http:\/\/www.berlin-suedwest.de\/breslauer-platz\/?p=1022","title":{"rendered":"Informationsveranstaltung des Bezirksamtes: &#8222;Breslauer Platz \u2013 B\u00dcRGER PLANEN MIT&#8220;"},"content":{"rendered":"<p><a href=\"http:\/\/www.berlin-suedwest.de\/breslauer-platz\/wp-content\/uploads\/2012\/10\/dsc00410.jpg\"><img loading=\"lazy\" decoding=\"async\" class=\"alignleft size-medium wp-image-997\" title=\"dsc00410~\" src=\"http:\/\/www.berlin-suedwest.de\/breslauer-platz\/wp-content\/uploads\/2012\/10\/dsc00410-203x300.jpg\" alt=\"\" width=\"203\" height=\"300\" srcset=\"http:\/\/www.berlin-suedwest.de\/breslauer-platz\/wp-content\/uploads\/2012\/10\/dsc00410-203x300.jpg 203w, http:\/\/www.berlin-suedwest.de\/breslauer-platz\/wp-content\/uploads\/2012\/10\/dsc00410.jpg 462w\" sizes=\"auto, (max-width: 203px) 100vw, 203px\" \/><\/a>Das Gemeinschaftsprojekt, die Umgestaltung des Breslauer Platzes, geht in die n\u00e4chste Runde. Sch\u00f6nes Wetter und eine rege B\u00fcrgerbeteiligung begleiteten die Planungspr\u00e4sentation vom 20.10.2012 auf dem Wochenmarkt des Breslauer Platzes.<\/p>\n<p>Zum Entwurf im Auftrag des Bezirksamts Tempelhof-Sch\u00f6neberg von Berlin, der weiterhin in konstruktiver enger Abstimmung mit der B\u00fcrgerinitiative Breslauer Platz betrieben wird, sind zahlreiche Anregungen eingegangen. Dokumentation und Auswertung dieser Anregungen sind abgeschlossen. Die Ergebnisse k\u00f6nnen bereits vorgestellt werden.<\/p>\n<p>Das Bezirksamt l\u00e4dt neben der B\u00fcrgerinitiative, die mit auf dem Podium vertreten sein wird, alle interessierten B\u00fcrger zur Informationsveranstaltung am Donnerstag, dem 29.11.2012, um 18:00 Uhr ein. Der Veranstaltungsort ist die Mensa der Friedrich-Bergius-Oberschule, Perelsplatz 6-9, 12159 Berlin-Friedenau.<\/p>\n<p>In der zweist\u00fcndigen Veranstaltung werden die Bezirksstadtr\u00e4te Frau Dr. Klotz (Abt. Gesundheit, Soziales, Stadtentwicklung) und Herr Kr\u00fcger (Abt. Bauwesen), der Leiter des Stadtentwicklungsamtes Herr Kroll, der Leiter des Fachbereichs Tiefbau Herr Terlinden sowie ein Vertreter der B\u00fcrgerinitiative auf dem Podium sitzen und die Planung erl\u00e4utern und die letzten offenen Fragen gemeinsam mit den B\u00fcrgern w\u00e4hrend der Veranstaltung kl\u00e4ren.<\/p>\n<p>GEMEINSAM VORAN.<br \/>\nHELFEN SIE MIT!<\/p>\n","protected":false},"excerpt":{"rendered":"<p>Das Gemeinschaftsprojekt, die Umgestaltung des Breslauer Platzes, geht in die n\u00e4chste Runde. Sch\u00f6nes Wetter und eine rege B\u00fcrgerbeteiligung begleiteten die Planungspr\u00e4sentation vom 20.10.2012 auf dem Wochenmarkt des Breslauer Platzes. Zum Entwurf im Auftrag des Bezirksamts Tempelhof-Sch\u00f6neberg von Berlin, der weiterhin &hellip; <a href=\"http:\/\/www.berlin-suedwest.de\/breslauer-platz\/?p=1022\">Weiterlesen <span class=\"meta-nav\">&rarr;<\/span><\/a><\/p>\n","protected":false},"author":1,"featured_media":0,"comment_status":"closed","ping_status":"closed","sticky":false,"template":"","format":"standard","meta":{"footnotes":""},"categories":[1],"tags":[],"class_list":["post-1022","post","type-post","status-publish","format-standard","hentry","category-allgemein"],"_links":{"self":[{"href":"http:\/\/www.berlin-suedwest.de\/breslauer-platz\/index.php?rest_route=\/wp\/v2\/posts\/1022","targetHints":{"allow":["GET"]}}],"collection":[{"href":"http:\/\/www.berlin-suedwest.de\/breslauer-platz\/index.php?rest_route=\/wp\/v2\/posts"}],"about":[{"href":"http:\/\/www.berlin-suedwest.de\/breslauer-platz\/index.php?rest_route=\/wp\/v2\/types\/post"}],"author":[{"embeddable":true,"href":"http:\/\/www.berlin-suedwest.de\/breslauer-platz\/index.php?rest_route=\/wp\/v2\/users\/1"}],"replies":[{"embeddable":true,"href":"http:\/\/www.berlin-suedwest.de\/breslauer-platz\/index.php?rest_route=%2Fwp%2Fv2%2Fcomments&post=1022"}],"version-history":[{"count":2,"href":"http:\/\/www.berlin-suedwest.de\/breslauer-platz\/index.php?rest_route=\/wp\/v2\/posts\/1022\/revisions"}],"predecessor-version":[{"id":1359,"href":"http:\/\/www.berlin-suedwest.de\/breslauer-platz\/index.php?rest_route=\/wp\/v2\/posts\/1022\/revisions\/1359"}],"wp:attachment":[{"href":"http:\/\/www.berlin-suedwest.de\/breslauer-platz\/index.php?rest_route=%2Fwp%2Fv2%2Fmedia&parent=1022"}],"wp:term":[{"taxonomy":"category","embeddable":true,"href":"http:\/\/www.berlin-suedwest.de\/breslauer-platz\/index.php?rest_route=%2Fwp%2Fv2%2Fcategories&post=1022"},{"taxonomy":"post_tag","embeddable":true,"href":"http:\/\/www.berlin-suedwest.de\/breslauer-platz\/index.php?rest_route=%2Fwp%2Fv2%2Ftags&post=1022"}],"curies":[{"name":"wp","href":"https:\/\/api.w.org\/{rel}","templated":true}]}}